{"id":10327,"date":"2025-09-26T05:48:00","date_gmt":"2025-09-26T05:48:00","guid":{"rendered":"https:\/\/www.szentpiroskanyiracsad.hu\/?p=10327"},"modified":"2025-10-02T05:56:50","modified_gmt":"2025-10-02T05:56:50","slug":"automentes-nap-2","status":"publish","type":"post","link":"https:\/\/www.szentpiroskanyiracsad.hu\/?p=10327","title":{"rendered":"Aut\u00f3mentes nap"},"content":{"rendered":"\n<p>Az aut\u00f3mentes nap alkalm\u00e1b\u00f3l Bil\u00e1k Erzs\u00e9bet tan\u00e1rn\u0151 szervez\u00e9s\u00e9ben ism\u00e9t k\u00fcl\u00f6nleges m\u00f3don kezdt\u00e9k di\u00e1kjaink a napot. Erzsike n\u00e9ni \u00e9s oszt\u00e1lya egy zebr\u00e1t ter\u00edtett a bej\u00e1rat el\u00e9, amin \u00e1thaladva juthattak a gyerekek az udvarba. A seg\u00edt\u0151 7. a oszt\u00e1lyos tanul\u00f3k z\u00f6ld \u00e9s piros l\u00e1mp\u00e1val jelezt\u00e9k, hogy szabad, vagy tilos a bej\u00e1r\u00e1s, az \u00e1tkel\u00e9s. Ezzel nem csak m\u00f3k\u00e1ztak, de tanulhattak is a gyerekek. Erre a napra az als\u00f3 tagozatosok az aut\u00f3mentes k\u00f6zleked\u00e9ssel kapcsolatos rajzokat k\u00e9sz\u00edtettek, amihez m\u00e9g n\u00e9h\u00e1ny fels\u0151s is kedvet kapott. A fels\u0151 tagozatosok a 3. \u00f3r\u00e1ban nagyon \u00e9lvezt\u00e9k a nap t\u00e9m\u00e1j\u00e1hoz kapcsol\u00f3d\u00f3 k\u00e9rd\u00e9sekb\u0151l \u00f6ssze\u00e1ll\u00edtott Kahoot kv\u00edzt. A nagy izgalom k\u00eds\u00e9rt versenyt a 8. a oszt\u00e1lyosok nyert\u00e9k meg a 6. a \u00e9s a 6. b oszt\u00e1ly el\u0151tt. Az aut\u00f3mentes nap egyik legnagyobb sikere az volt, hogy aut\u00f3 helyett sokkal t\u00f6bb gyerek \u00e9rkezett biciklivel vagy gyalog az iskol\u00e1ba. KGYZE<\/p>\n\n\n\nngg_shortcode_0_placeholder\n","protected":false},"excerpt":{"rendered":"<p>Az aut\u00f3mentes nap alkalm\u00e1b\u00f3l Bil\u00e1k Erzs\u00e9bet tan\u00e1rn\u0151 szervez\u00e9s\u00e9ben ism\u00e9t k\u00fcl\u00f6nleges m\u00f3don kezdt\u00e9k di\u00e1kjaink a napot. [&hellip;]<\/p>\n","protected":false},"author":1,"featured_media":10383,"comment_status":"closed","ping_status":"closed","sticky":false,"template":"","format":"standard","meta":{"ngg_post_thumbnail":0,"footnotes":""},"categories":[1],"tags":[],"class_list":["post-10327","post","type-post","status-publish","format-standard","has-post-thumbnail","hentry","category-szent-piroska-gorogkatolikus-altalanos-iskola"],"_links":{"self":[{"href":"https:\/\/www.szentpiroskanyiracsad.hu\/index.php?rest_route=\/wp\/v2\/posts\/10327","targetHints":{"allow":["GET"]}}],"collection":[{"href":"https:\/\/www.szentpiroskanyiracsad.hu\/index.php?rest_route=\/wp\/v2\/posts"}],"about":[{"href":"https:\/\/www.szentpiroskanyiracsad.hu\/index.php?rest_route=\/wp\/v2\/types\/post"}],"author":[{"embeddable":true,"href":"https:\/\/www.szentpiroskanyiracsad.hu\/index.php?rest_route=\/wp\/v2\/users\/1"}],"replies":[{"embeddable":true,"href":"https:\/\/www.szentpiroskanyiracsad.hu\/index.php?rest_route=%2Fwp%2Fv2%2Fcomments&post=10327"}],"version-history":[{"count":1,"href":"https:\/\/www.szentpiroskanyiracsad.hu\/index.php?rest_route=\/wp\/v2\/posts\/10327\/revisions"}],"predecessor-version":[{"id":10384,"href":"https:\/\/www.szentpiroskanyiracsad.hu\/index.php?rest_route=\/wp\/v2\/posts\/10327\/revisions\/10384"}],"wp:featuredmedia":[{"embeddable":true,"href":"https:\/\/www.szentpiroskanyiracsad.hu\/index.php?rest_route=\/wp\/v2\/media\/10383"}],"wp:attachment":[{"href":"https:\/\/www.szentpiroskanyiracsad.hu\/index.php?rest_route=%2Fwp%2Fv2%2Fmedia&parent=10327"}],"wp:term":[{"taxonomy":"category","embeddable":true,"href":"https:\/\/www.szentpiroskanyiracsad.hu\/index.php?rest_route=%2Fwp%2Fv2%2Fcategories&post=10327"},{"taxonomy":"post_tag","embeddable":true,"href":"https:\/\/www.szentpiroskanyiracsad.hu\/index.php?rest_route=%2Fwp%2Fv2%2Ftags&post=10327"}],"curies":[{"name":"wp","href":"https:\/\/api.w.org\/{rel}","templated":true}]}}