{"id":10393,"date":"2025-09-30T06:00:00","date_gmt":"2025-09-30T06:00:00","guid":{"rendered":"https:\/\/www.szentpiroskanyiracsad.hu\/?p=10393"},"modified":"2025-10-02T06:01:57","modified_gmt":"2025-10-02T06:01:57","slug":"wukovics-timea","status":"publish","type":"post","link":"https:\/\/www.szentpiroskanyiracsad.hu\/?p=10393","title":{"rendered":"Wukovics T\u00edmea"},"content":{"rendered":"\n<p>B\u00fcszk\u00e9k vagyunk iskol\u00e1nk tavaly v\u00e9gzett tanul\u00f3j\u00e1ra, Wukovics T\u00edme\u00e1ra, aki dal\u00e1val nemcsak hatalmas sikert aratott, de tov\u00e1bb is jutott az X &#8211; Faktor tehets\u00e9gkutat\u00f3 verseny\u00e9nek m\u00falt heti, 4. v\u00e1logat\u00f3j\u00e1n. Timi els\u0151 k\u00f6z\u00f6ns\u00e9g el\u0151tti \u00e9nekes siker\u00e9t 2022-ben az iskol\u00e1nkban megrendezett Ki? Mit? Tud? vet\u00e9lked\u0151j\u00e9n \u00e9rte el, majd bemutatkozott az int\u00e9zm\u00e9ny\u00fcnkbe megh\u00edvott Szent Efr\u00e9m \u00e9s Szent Mih\u00e1ly G\u00f6r\u00f6gkatolikus \u00c1ltal\u00e1nos Iskol\u00e1k pedag\u00f3gusai el\u0151tt is. Term\u00e9szetesen a ny\u00e1ri Erzs\u00e9bet-t\u00e1bor \u00e9nekes verseny\u00e9n is \u0151 bizonyult a legjobbnak, ahol Mikl\u00f3sa Erik\u00e1t\u00f3l vehette \u00e1t az oklevelet. \u00d6r\u00f6mmel t\u00f6lti el sz\u00edv\u00fcnket, hogy iskol\u00e1nkb\u00f3l ilyen tehets\u00e9ges tanul\u00f3kat ind\u00edtunk el az \u00e9let \u00fatj\u00e1n. Hajr\u00e1 Timi! KGYZE<\/p>\n\n\n\n<figure class=\"wp-block-gallery has-nested-images columns-default is-cropped wp-block-gallery-1 is-layout-flex wp-block-gallery-is-layout-flex\">\n<figure class=\"wp-block-image size-large\"><img loading=\"lazy\" decoding=\"async\" width=\"768\" height=\"1024\" data-id=\"10396\" src=\"https:\/\/www.szentpiroskanyiracsad.hu\/wp-content\/uploads\/2025\/10\/556471027_1999498467487365_4202050596039344791_n-768x1024.jpg\" alt=\"\" class=\"wp-image-10396\" srcset=\"https:\/\/www.szentpiroskanyiracsad.hu\/wp-content\/uploads\/2025\/10\/556471027_1999498467487365_4202050596039344791_n-768x1024.jpg 768w, https:\/\/www.szentpiroskanyiracsad.hu\/wp-content\/uploads\/2025\/10\/556471027_1999498467487365_4202050596039344791_n-225x300.jpg 225w, https:\/\/www.szentpiroskanyiracsad.hu\/wp-content\/uploads\/2025\/10\/556471027_1999498467487365_4202050596039344791_n-1152x1536.jpg 1152w, https:\/\/www.szentpiroskanyiracsad.hu\/wp-content\/uploads\/2025\/10\/556471027_1999498467487365_4202050596039344791_n.jpg 1536w\" sizes=\"auto, (max-width: 768px) 100vw, 768px\" \/><\/figure>\n\n\n\n<figure class=\"wp-block-image size-large\"><img loading=\"lazy\" decoding=\"async\" width=\"752\" height=\"1020\" data-id=\"10394\" src=\"https:\/\/www.szentpiroskanyiracsad.hu\/wp-content\/uploads\/2025\/10\/557545036_1999498410820704_3230445586448395476_n.jpg\" alt=\"\" class=\"wp-image-10394\" srcset=\"https:\/\/www.szentpiroskanyiracsad.hu\/wp-content\/uploads\/2025\/10\/557545036_1999498410820704_3230445586448395476_n.jpg 752w, https:\/\/www.szentpiroskanyiracsad.hu\/wp-content\/uploads\/2025\/10\/557545036_1999498410820704_3230445586448395476_n-221x300.jpg 221w\" sizes=\"auto, (max-width: 752px) 100vw, 752px\" \/><\/figure>\n\n\n\n<figure class=\"wp-block-image size-large\"><img loading=\"lazy\" decoding=\"async\" width=\"1024\" height=\"685\" data-id=\"10395\" src=\"https:\/\/www.szentpiroskanyiracsad.hu\/wp-content\/uploads\/2025\/10\/558387362_1999498514154027_2322712113296765629_n-1024x685.jpg\" alt=\"\" class=\"wp-image-10395\" srcset=\"https:\/\/www.szentpiroskanyiracsad.hu\/wp-content\/uploads\/2025\/10\/558387362_1999498514154027_2322712113296765629_n-1024x685.jpg 1024w, https:\/\/www.szentpiroskanyiracsad.hu\/wp-content\/uploads\/2025\/10\/558387362_1999498514154027_2322712113296765629_n-300x201.jpg 300w, https:\/\/www.szentpiroskanyiracsad.hu\/wp-content\/uploads\/2025\/10\/558387362_1999498514154027_2322712113296765629_n-768x513.jpg 768w, https:\/\/www.szentpiroskanyiracsad.hu\/wp-content\/uploads\/2025\/10\/558387362_1999498514154027_2322712113296765629_n-1536x1027.jpg 1536w, https:\/\/www.szentpiroskanyiracsad.hu\/wp-content\/uploads\/2025\/10\/558387362_1999498514154027_2322712113296765629_n.jpg 2048w\" sizes=\"auto, (max-width: 1024px) 100vw, 1024px\" \/><\/figure>\n<\/figure>\n","protected":false},"excerpt":{"rendered":"<p>B\u00fcszk\u00e9k vagyunk iskol\u00e1nk tavaly v\u00e9gzett tanul\u00f3j\u00e1ra, Wukovics T\u00edme\u00e1ra, aki dal\u00e1val nemcsak hatalmas sikert aratott, de [&hellip;]<\/p>\n","protected":false},"author":1,"featured_media":10397,"comment_status":"closed","ping_status":"closed","sticky":false,"template":"","format":"standard","meta":{"ngg_post_thumbnail":0,"footnotes":""},"categories":[1],"tags":[],"class_list":["post-10393","post","type-post","status-publish","format-standard","has-post-thumbnail","hentry","category-szent-piroska-gorogkatolikus-altalanos-iskola"],"_links":{"self":[{"href":"https:\/\/www.szentpiroskanyiracsad.hu\/index.php?rest_route=\/wp\/v2\/posts\/10393","targetHints":{"allow":["GET"]}}],"collection":[{"href":"https:\/\/www.szentpiroskanyiracsad.hu\/index.php?rest_route=\/wp\/v2\/posts"}],"about":[{"href":"https:\/\/www.szentpiroskanyiracsad.hu\/index.php?rest_route=\/wp\/v2\/types\/post"}],"author":[{"embeddable":true,"href":"https:\/\/www.szentpiroskanyiracsad.hu\/index.php?rest_route=\/wp\/v2\/users\/1"}],"replies":[{"embeddable":true,"href":"https:\/\/www.szentpiroskanyiracsad.hu\/index.php?rest_route=%2Fwp%2Fv2%2Fcomments&post=10393"}],"version-history":[{"count":1,"href":"https:\/\/www.szentpiroskanyiracsad.hu\/index.php?rest_route=\/wp\/v2\/posts\/10393\/revisions"}],"predecessor-version":[{"id":10398,"href":"https:\/\/www.szentpiroskanyiracsad.hu\/index.php?rest_route=\/wp\/v2\/posts\/10393\/revisions\/10398"}],"wp:featuredmedia":[{"embeddable":true,"href":"https:\/\/www.szentpiroskanyiracsad.hu\/index.php?rest_route=\/wp\/v2\/media\/10397"}],"wp:attachment":[{"href":"https:\/\/www.szentpiroskanyiracsad.hu\/index.php?rest_route=%2Fwp%2Fv2%2Fmedia&parent=10393"}],"wp:term":[{"taxonomy":"category","embeddable":true,"href":"https:\/\/www.szentpiroskanyiracsad.hu\/index.php?rest_route=%2Fwp%2Fv2%2Fcategories&post=10393"},{"taxonomy":"post_tag","embeddable":true,"href":"https:\/\/www.szentpiroskanyiracsad.hu\/index.php?rest_route=%2Fwp%2Fv2%2Ftags&post=10393"}],"curies":[{"name":"wp","href":"https:\/\/api.w.org\/{rel}","templated":true}]}}