{"id":10399,"date":"2025-10-01T06:02:02","date_gmt":"2025-10-01T06:02:02","guid":{"rendered":"https:\/\/www.szentpiroskanyiracsad.hu\/?p=10399"},"modified":"2025-10-02T06:11:39","modified_gmt":"2025-10-02T06:11:39","slug":"a-hajdudorogi-foegyhazmegye-tamogatasaval-uj-kontosbe-oltozott-iskolank-udvara","status":"publish","type":"post","link":"https:\/\/www.szentpiroskanyiracsad.hu\/?p=10399","title":{"rendered":"A Hajd\u00fadorogi F\u0151egyh\u00e1zmegye t\u00e1mogat\u00e1s\u00e1val \u00faj k\u00f6nt\u00f6sbe \u00f6lt\u00f6z\u00f6tt iskol\u00e1nk udvara"},"content":{"rendered":"\n<p>A meglehet\u0151sen h\u0171v\u00f6s id\u0151 ellen\u00e9re k\u00e9t jeles esem\u00e9ny is melengette sz\u00edv\u00fcnket a mai napon. Az Istensz\u00fcl\u0151 Oltalm\u00e1ra felszentelt g\u00f6r\u00f6gkatolikus templomunk c\u00edm\u00fcnnep\u00e9t, valamint a teljesen meg\u00fajult, eur\u00f3pai sz\u00ednvonal\u00fa j\u00e1tsz\u00f3 -\u00e9s j\u00e1t\u00e9kt\u00e9rrel meg\u00fajult iskolaudvart is birtokba vehett\u00e9k tanul\u00f3ink. Az egyh\u00e1zi \u00fcnnepre val\u00f3 tekintettel a napot a g\u00f6r\u00f6gkatolikus templomban kezdt\u00fck, ahol dr. Seszt\u00e1k Istv\u00e1n <a><\/a>f\u0151helyn\u00f6k atya, Terdik J\u00e1nos pasztor\u00e1lis helyn\u00f6k atya \u00e9s dr. Nyir\u00e1n J\u00e1nos diak\u00f3nus vezett\u00e9k a liturgi\u00e1t. Terdik J\u00e1nos atya pr\u00e9dik\u00e1ci\u00f3j\u00e1ban a c\u00edm\u00fcnnep t\u00f6rt\u00e9net\u00e9r\u0151l besz\u00e9lt, amikor M\u00e1ria kiter\u00edtette pal\u00e1stj\u00e1t a fenyegetett n\u00e9p f\u00f6l\u00e9, ezzel meg\u00f3vta \u0151ket az ellen-s\u00e9gt\u0151l. \u2013 Mi, mai emberek is v\u00e1gyunk M\u00e1ria oltalm\u00e1ra, mint a kisgyermek az \u00e9desanya bizton-s\u00e1got ny\u00fajt\u00f3 k\u00f6zels\u00e9g\u00e9re. Oltalmat \u00e9s seg\u00edts\u00e9get k\u00e9r\u00fcnk, ugyanakkor adhatunk is az arra r\u00e1szo-rul\u00f3knak. Ilyenkor \u00e9rezhetj\u00fck, nem vagyunk egyed\u00fcl. Hiszen mi is oltalmat kapunk Isten \u00e1ltal M\u00e1ri\u00e1t\u00f3l. A Sz\u0171zanya az\u00e9rt j\u00f6n el k\u00f6z\u00e9nk, mert szeret benn\u00fcnket, mert fontosak vagyunk sz\u00e1-m\u00e1ra. Mindenkinek azt k\u00edv\u00e1nom, hogy ne csak most, de minden nap \u00e9rezze meg M\u00e1ria oltal-maz\u00f3 pal\u00e1stj\u00e1n kereszt\u00fcl az Isten szeretet\u00e9t \u2013 hangzottak J\u00e1nos atya szavai.<\/p>\n\n\n\n<p>Ezt k\u00f6vet\u0151en mindenki \u00e1tvonult a csod\u00e1latos \u0151szi sz\u00ednekben pomp\u00e1z\u00f3 dekor\u00e1ci\u00f3val d\u00edsz\u00edtett iskolaudvarra, ahol a gyerekek, a pedag\u00f3gusok, a megh\u00edvott vend\u00e9gek el\u0151sz\u00f6n egy vid\u00e1m t\u00e1ncot n\u00e9zhettek meg, melyet Erdei-Kis Brigitta, a sz\u00fcl\u0151i munkak\u00f6z\u00f6ss\u00e9g tagja tan\u00edtott be, majd Garda L\u00e1szl\u00f3 igazgat\u00f3 sz\u00f3lt az egybegy\u0171ltekhez. El\u0151sz\u00f6r is felh\u00edvta a figyelmet arra, hogy szeptemberben imm\u00e1r a 15. tan\u00e9vet kezdt\u00fck meg egyh\u00e1zi fenntart\u00e1s\u00fa int\u00e9zm\u00e9nyk\u00e9nt. \u2013 15 \u00e9ve form\u00e1ljuk ezt a k\u00f6z\u00f6ss\u00e9get, ahol nemcsak tan\u00edtunk, de hitet is \u00e9p\u00edt\u00fcnk gyermekeink k\u00f6z\u00f6tt. J\u00e9zus azt mondta, hogy ahol a sz\u00edv\u00fcnk van, ott van a kincs\u00fcnk. A mi kincseink ti vagytok nek\u00fcnk gyerekek, hisz ti laktok a sz\u00edv\u00fcnk k\u00f6zep\u00e9n. Ma pedig \u00e1tadjuk nektek azt a j\u00e1tsz\u00f3teret, amit nektek, \u00e9rtetek \u00e9p\u00edtett\u00fcnk \u2013 hangzottak Garda L\u00e1szl\u00f3 szavai. Igazgat\u00f3 \u00fat k\u00f6sz\u00f6netet mondott mindazoknak, akik r\u00e9szt vettek a beruh\u00e1z\u00e1s l\u00e9trej\u00f6tt\u00e9ben. Az egyh\u00e1zmegye r\u00e9sz\u00e9r\u0151l Kocsis F\u00fcl\u00f6p \u00e9rsek-metropolita aty\u00e1nak, Seszt\u00e1k Istv\u00e1n f\u0151helyn\u00f6k aty\u00e1nak, Cz\u00f6vek \u00c9va oktat\u00e1si referens asszonynak, a kivitelez\u0151 K\u00f6les \u00e9s Fiai Kft-nek, a j\u00e1t\u00e9kok\u00e9rt pedig a Szent Piroska Gyermekmosoly Alap\u00edtv\u00e1nynak, a Roma \u00d6nkorm\u00e1nyzatnak, a Sz\u00fcl\u0151i Munkak\u00f6z\u00f6ss\u00e9gnek. Ezt\u00e1n Br\u00f3di-B\u00e1lega Anna \u00e9s \u0150ri Tiborn\u00e9 betan\u00edt\u00e1s\u00e1ban Suga Borb\u00e1la \u00e9s Guly\u00e1s Zsombor el\u0151ad\u00e1s\u00e1ban T\u00f3th \u00c1gnes: J\u00e1tsz\u00f3t\u00e9ren c\u00edm\u0171 vers\u00e9t hallgathatta meg a k\u00f6z\u00f6ns\u00e9g, majd Seszt\u00e1k atya sz\u00f3lt a megjelentekhez, aki arr\u00f3l besz\u00e9lt, hogy eml\u00e9keztessen ez a j\u00e1tsz\u00f3t\u00e9r mindenkit arra, hogy Isten j\u00e1t\u00e9kra h\u00edv valamennyi\u00fcnket. Nemcsak gyermekk\u00e9nt, de feln\u0151ttk\u00e9n is, eg\u00e9sz \u00e9let\u00fcnk\u00f6n \u00e1t. Ha j\u00e1tsz\u00f3t\u00e9r, akkor nem maradhat el a j\u00e1t\u00e9k sem. Az avat\u00f3 \u00fcnneps\u00e9g bevezet\u0151 r\u00e9sz\u00e9nek utols\u00f3 mozzanatak\u00e9nt L\u00e1szl\u00f3 Gyula labdazsongl\u0151r var\u00e1zsolta el a k\u00f6z\u00f6ns\u00e9ged, de legf\u0151k\u00e9ppen a kicsiket. A m\u0171sort \u00e9s a besz\u00e9deket k\u00f6vet\u0151en a h\u00e1ts\u00f3 udvaron T\u00f3th Elek par\u00f3kus atya meg\u00e1ldotta a j\u00e1tsz\u00f3teret, majd Garda L\u00e1szl\u00f3 igazgat\u00f3 \u00far hivatalosan is enged\u00e9lyt adott arra, hogy mindenki birtokba vegye a j\u00e1tsz\u00f3teret, aminek minden di\u00e1k annyira \u00f6r\u00fclt, hogy a birtokba v\u00e9tel bizony \u00f6r\u00f6mteli fut\u00e1sba ment \u00e1t, hogy mihamarabb kipr\u00f3b\u00e1lhass\u00e1k azt. Voltak, akik be\u00fcltek a kis fah\u00e1zakba, t\u00f6bben hint\u00e1ztak, libik\u00f3k\u00e1ztak, de sokan \u00e1llta sorba a cs\u00faszd\u00e1n\u00e1l is. A kisebbek tal\u00e1n a homokoz\u00f3nak \u00f6r\u00fcltek a legjobban, a lap\u00e1toknak, d\u00f6mpereknek, talicsk\u00e1knak, a leng\u0151tek\u00e9nek, \u00e9s megannyi hasznos j\u00e1t\u00e9knak. Most m\u00e1r csak az lesz a fontos, hogy a lehet\u0151 legtov\u00e1bb meg\u0151rizz\u00fck ezeket a r\u00e9gen v\u00e1rt kincseket. M\u00edg a gyerekeke a j\u00e1t\u00e9kokat \u00e9lvezt\u00e9k, addig a megh\u00edvottak szeretetvend\u00e9gs\u00e9gen vehettek r\u00e9szt az iskola aul\u00e1j\u00e1ban. KGYZE<\/p>\n\n\n\nngg_shortcode_0_placeholder\n","protected":false},"excerpt":{"rendered":"<p>A meglehet\u0151sen h\u0171v\u00f6s id\u0151 ellen\u00e9re k\u00e9t jeles esem\u00e9ny is melengette sz\u00edv\u00fcnket a mai napon. Az [&hellip;]<\/p>\n","protected":false},"author":1,"featured_media":10480,"comment_status":"closed","ping_status":"closed","sticky":false,"template":"","format":"standard","meta":{"ngg_post_thumbnail":0,"footnotes":""},"categories":[1],"tags":[],"class_list":["post-10399","post","type-post","status-publish","format-standard","has-post-thumbnail","hentry","category-szent-piroska-gorogkatolikus-altalanos-iskola"],"_links":{"self":[{"href":"https:\/\/www.szentpiroskanyiracsad.hu\/index.php?rest_route=\/wp\/v2\/posts\/10399","targetHints":{"allow":["GET"]}}],"collection":[{"href":"https:\/\/www.szentpiroskanyiracsad.hu\/index.php?rest_route=\/wp\/v2\/posts"}],"about":[{"href":"https:\/\/www.szentpiroskanyiracsad.hu\/index.php?rest_route=\/wp\/v2\/types\/post"}],"author":[{"embeddable":true,"href":"https:\/\/www.szentpiroskanyiracsad.hu\/index.php?rest_route=\/wp\/v2\/users\/1"}],"replies":[{"embeddable":true,"href":"https:\/\/www.szentpiroskanyiracsad.hu\/index.php?rest_route=%2Fwp%2Fv2%2Fcomments&post=10399"}],"version-history":[{"count":1,"href":"https:\/\/www.szentpiroskanyiracsad.hu\/index.php?rest_route=\/wp\/v2\/posts\/10399\/revisions"}],"predecessor-version":[{"id":10481,"href":"https:\/\/www.szentpiroskanyiracsad.hu\/index.php?rest_route=\/wp\/v2\/posts\/10399\/revisions\/10481"}],"wp:featuredmedia":[{"embeddable":true,"href":"https:\/\/www.szentpiroskanyiracsad.hu\/index.php?rest_route=\/wp\/v2\/media\/10480"}],"wp:attachment":[{"href":"https:\/\/www.szentpiroskanyiracsad.hu\/index.php?rest_route=%2Fwp%2Fv2%2Fmedia&parent=10399"}],"wp:term":[{"taxonomy":"category","embeddable":true,"href":"https:\/\/www.szentpiroskanyiracsad.hu\/index.php?rest_route=%2Fwp%2Fv2%2Fcategories&post=10399"},{"taxonomy":"post_tag","embeddable":true,"href":"https:\/\/www.szentpiroskanyiracsad.hu\/index.php?rest_route=%2Fwp%2Fv2%2Ftags&post=10399"}],"curies":[{"name":"wp","href":"https:\/\/api.w.org\/{rel}","templated":true}]}}