{"id":10505,"date":"2025-11-03T13:31:00","date_gmt":"2025-11-03T13:31:00","guid":{"rendered":"https:\/\/www.szentpiroskanyiracsad.hu\/?p=10505"},"modified":"2025-11-05T13:34:28","modified_gmt":"2025-11-05T13:34:28","slug":"kedves-nyiracsadiak","status":"publish","type":"post","link":"https:\/\/www.szentpiroskanyiracsad.hu\/?p=10505","title":{"rendered":"Kedves Ny\u00edracs\u00e1diak!"},"content":{"rendered":"\n<p>M\u00e9g p\u00e1r napig van lehet\u0151s\u00e9g\u00fcnk szavazatunkal seg\u00edteni volt di\u00e1kunkat, Horv\u00e1th Ad\u00e9lt! Ha \u00e9rdemesnek tartj\u00e1k, k\u00e9rem tegy\u00e9k meg! K\u00f6sz\u00f6nettel,<\/p>\n\n\n\n<p>Garda L\u00e1szl\u00f3<\/p>\n\n\n\n<p>Olvass\u00e1k el Ad\u00e9l p\u00e1lyam\u0171v\u00e9t a SZIFONline-on:\u00a0<a href=\"https:\/\/www.szifonline.hu\/pestext\/pestext-2025\/3165-horvath-adel-huseg-2025-10-19?fbclid=IwY2xjawN4MWlleHRuA2FlbQIxMABicmlkETBaWlZNSVRYQk1MV0Y5YzIwc3J0YwZhcHBfaWQQMjIyMDM5MTc4ODIwMDg5MgABHiuW9JX_FbCnEI906PHT98pCEHpoNuiHNFgMD6tx1jejlBWcPRkWNOuUgCJG_aem_uw0u5m9COPo_WNx0KaC7ZA\" data-type=\"link\" data-id=\"https:\/\/www.szifonline.hu\/pestext\/pestext-2025\/3165-horvath-adel-huseg-2025-10-19?fbclid=IwY2xjawN4MWlleHRuA2FlbQIxMABicmlkETBaWlZNSVRYQk1MV0Y5YzIwc3J0YwZhcHBfaWQQMjIyMDM5MTc4ODIwMDg5MgABHiuW9JX_FbCnEI906PHT98pCEHpoNuiHNFgMD6tx1jejlBWcPRkWNOuUgCJG_aem_uw0u5m9COPo_WNx0KaC7ZA\" target=\"_blank\" rel=\"noreferrer noopener\">https:\/\/www.szifonline.hu\/&#8230;\/3165-horvath-adel-huseg.<\/a><\/p>\n\n\n\n<p>Szavazni itt tudnak<a href=\"https:\/\/docs.google.com\/forms\/d\/e\/1FAIpQLSeluteuuD0oL3Ng4HKE41BLHDRHJoNH-OVL-__FwR1nDH4ybQ\/viewform?usp=send_form\" data-type=\"link\" data-id=\"https:\/\/docs.google.com\/forms\/d\/e\/1FAIpQLSeluteuuD0oL3Ng4HKE41BLHDRHJoNH-OVL-__FwR1nDH4ybQ\/viewform?usp=send_form\">:https:\/\/forms.gle\/DropFjeZeniRrgs28<\/a><\/p>\n","protected":false},"excerpt":{"rendered":"<p>M\u00e9g p\u00e1r napig van lehet\u0151s\u00e9g\u00fcnk szavazatunkal seg\u00edteni volt di\u00e1kunkat, Horv\u00e1th Ad\u00e9lt! Ha \u00e9rdemesnek tartj\u00e1k, k\u00e9rem [&hellip;]<\/p>\n","protected":false},"author":1,"featured_media":10506,"comment_status":"closed","ping_status":"closed","sticky":false,"template":"","format":"standard","meta":{"ngg_post_thumbnail":0,"footnotes":""},"categories":[1],"tags":[],"class_list":["post-10505","post","type-post","status-publish","format-standard","has-post-thumbnail","hentry","category-szent-piroska-gorogkatolikus-altalanos-iskola"],"_links":{"self":[{"href":"https:\/\/www.szentpiroskanyiracsad.hu\/index.php?rest_route=\/wp\/v2\/posts\/10505","targetHints":{"allow":["GET"]}}],"collection":[{"href":"https:\/\/www.szentpiroskanyiracsad.hu\/index.php?rest_route=\/wp\/v2\/posts"}],"about":[{"href":"https:\/\/www.szentpiroskanyiracsad.hu\/index.php?rest_route=\/wp\/v2\/types\/post"}],"author":[{"embeddable":true,"href":"https:\/\/www.szentpiroskanyiracsad.hu\/index.php?rest_route=\/wp\/v2\/users\/1"}],"replies":[{"embeddable":true,"href":"https:\/\/www.szentpiroskanyiracsad.hu\/index.php?rest_route=%2Fwp%2Fv2%2Fcomments&post=10505"}],"version-history":[{"count":1,"href":"https:\/\/www.szentpiroskanyiracsad.hu\/index.php?rest_route=\/wp\/v2\/posts\/10505\/revisions"}],"predecessor-version":[{"id":10507,"href":"https:\/\/www.szentpiroskanyiracsad.hu\/index.php?rest_route=\/wp\/v2\/posts\/10505\/revisions\/10507"}],"wp:featuredmedia":[{"embeddable":true,"href":"https:\/\/www.szentpiroskanyiracsad.hu\/index.php?rest_route=\/wp\/v2\/media\/10506"}],"wp:attachment":[{"href":"https:\/\/www.szentpiroskanyiracsad.hu\/index.php?rest_route=%2Fwp%2Fv2%2Fmedia&parent=10505"}],"wp:term":[{"taxonomy":"category","embeddable":true,"href":"https:\/\/www.szentpiroskanyiracsad.hu\/index.php?rest_route=%2Fwp%2Fv2%2Fcategories&post=10505"},{"taxonomy":"post_tag","embeddable":true,"href":"https:\/\/www.szentpiroskanyiracsad.hu\/index.php?rest_route=%2Fwp%2Fv2%2Ftags&post=10505"}],"curies":[{"name":"wp","href":"https:\/\/api.w.org\/{rel}","templated":true}]}}