{"id":10756,"date":"2025-11-05T13:53:57","date_gmt":"2025-11-05T13:53:57","guid":{"rendered":"https:\/\/www.szentpiroskanyiracsad.hu\/?p=10756"},"modified":"2025-11-05T13:53:58","modified_gmt":"2025-11-05T13:53:58","slug":"aranyos-volt-a-nepi-kalandtura","status":"publish","type":"post","link":"https:\/\/www.szentpiroskanyiracsad.hu\/?p=10756","title":{"rendered":"ARANYos volt a n\u00e9pi kalandt\u00fara"},"content":{"rendered":"\n<p>\u201eAranyes\u0151 cseperg\u00e9se aranyozta be a gyerekek napj\u00e1t.\u201d \u00cdgy fogalmazott Bogd\u00e1n Krisztina tan\u00e1rn\u0151 arr\u00f3l a N\u00e9pi kalandt\u00fara elnevez\u00e9s\u0171, okt\u00f3ber 10-\u00e9n tartott versenynapr\u00f3l, melyen a Hajd\u00fadorogi F\u0151egyh\u00e1zmegye fenntart\u00e1sa alatt \u00e1ll\u00f3 iskol\u00e1k SNI-s BTMN-es tanul\u00f3i is r\u00e9szt vehettek. A rendezv\u00e9nynek a Nagy Szent Bazil G\u00f6r\u00f6gkatolikus \u00c1ltal\u00e1nos Iskola adott otthon Hajd\u00fadorogon. El\u0151zetes feladatk\u00e9nt a r\u00e9sztvev\u0151 csapatoknak saj\u00e1t z\u00e1szl\u00f3t kellett k\u00e9sz\u00edteni, ami <a><\/a>r\u00e1hangolta \u0151ket a versenyre. A programnapon persze nem a megm\u00e9rettet\u00e9s volt az els\u0151dleges c\u00e9l, hanem a j\u00f3 hangulat, a tartalmas kikapcsol\u00f3d\u00e1s, amit az izgalmas programok biztos\u00edtottak is valamennyi r\u00e9sztvev\u0151 sz\u00e1m\u00e1ra. A gyerekeknek a k\u00fcl\u00f6nb\u00f6z\u0151 j\u00e1t\u00e9kos feladatokon k\u00edv\u00fcl olyan val\u00f3ban n\u00e9pi kalandokban is lehetett r\u00e9sz\u00fck, amivel tal\u00e1n m\u00e9g soha nem tal\u00e1lkozhattak. (A fot\u00f3k mes\u00e9lnek err\u0151l).<\/p>\n\n\n\n<p>Iskol\u00e1nkat h\u00e1rom csapat k\u00e9pviselte, az eredm\u00e9ny\u00fck pedig arr\u00f3l \u00e1rulkodik, hogy a Szent Pirosk\u00e1ban mindenki megkapja a lehet\u0151s\u00e9get, hogy megmutassa, miben teljes\u00edthet a legjobban. K\u00f6sz\u00f6nj\u00fck a lehet\u0151s\u00e9get, \u00e9s gratul\u00e1lunk a szervez\u00e9shez. K\u00f6sz\u00f6net Bogd\u00e1n Krisztina \u00e9s Szab\u00f3n\u00e9 B\u00e1lega Ilona tan\u00e1rn\u0151knek, akik elk\u00eds\u00e9rt\u00e9k a gyerekeket a versenyre, ahol a k\u00f6vetkez\u0151 eredm\u00e9nyek sz\u00fclettek:<\/p>\n\n\n\n<p>Csillag csapat (Ber\u00e9nyi Merc\u00e9desz, Petrovics \u00c1ron, Szab\u00f3 M\u00e1ty\u00e1s, Terdik \u00c1kos) \u2013 KIEMELT ARANY min\u0151s\u00edt\u00e9s, Gep\u00e1rdok csapata &#8211; Beke Eszter, Horv\u00e1th Lili, Horv\u00e1th Brigitta, Lakatos Kamilla, valamint a Bajnokok csapata \u2013 Danku J\u00f3zsef, Lengyel Luca, Erdei Dorina, Mike Laura ARANY min\u0151s\u00edt\u00e9ssel t\u00e9rhettek haza. (KGYZE<\/p>\n\n\n\nngg_shortcode_0_placeholder\n","protected":false},"excerpt":{"rendered":"<p>\u201eAranyes\u0151 cseperg\u00e9se aranyozta be a gyerekek napj\u00e1t.\u201d \u00cdgy fogalmazott Bogd\u00e1n Krisztina tan\u00e1rn\u0151 arr\u00f3l a N\u00e9pi [&hellip;]<\/p>\n","protected":false},"author":1,"featured_media":10786,"comment_status":"closed","ping_status":"closed","sticky":false,"template":"","format":"standard","meta":{"ngg_post_thumbnail":0,"footnotes":""},"categories":[1],"tags":[],"class_list":["post-10756","post","type-post","status-publish","format-standard","has-post-thumbnail","hentry","category-szent-piroska-gorogkatolikus-altalanos-iskola"],"_links":{"self":[{"href":"https:\/\/www.szentpiroskanyiracsad.hu\/index.php?rest_route=\/wp\/v2\/posts\/10756","targetHints":{"allow":["GET"]}}],"collection":[{"href":"https:\/\/www.szentpiroskanyiracsad.hu\/index.php?rest_route=\/wp\/v2\/posts"}],"about":[{"href":"https:\/\/www.szentpiroskanyiracsad.hu\/index.php?rest_route=\/wp\/v2\/types\/post"}],"author":[{"embeddable":true,"href":"https:\/\/www.szentpiroskanyiracsad.hu\/index.php?rest_route=\/wp\/v2\/users\/1"}],"replies":[{"embeddable":true,"href":"https:\/\/www.szentpiroskanyiracsad.hu\/index.php?rest_route=%2Fwp%2Fv2%2Fcomments&post=10756"}],"version-history":[{"count":1,"href":"https:\/\/www.szentpiroskanyiracsad.hu\/index.php?rest_route=\/wp\/v2\/posts\/10756\/revisions"}],"predecessor-version":[{"id":10787,"href":"https:\/\/www.szentpiroskanyiracsad.hu\/index.php?rest_route=\/wp\/v2\/posts\/10756\/revisions\/10787"}],"wp:featuredmedia":[{"embeddable":true,"href":"https:\/\/www.szentpiroskanyiracsad.hu\/index.php?rest_route=\/wp\/v2\/media\/10786"}],"wp:attachment":[{"href":"https:\/\/www.szentpiroskanyiracsad.hu\/index.php?rest_route=%2Fwp%2Fv2%2Fmedia&parent=10756"}],"wp:term":[{"taxonomy":"category","embeddable":true,"href":"https:\/\/www.szentpiroskanyiracsad.hu\/index.php?rest_route=%2Fwp%2Fv2%2Fcategories&post=10756"},{"taxonomy":"post_tag","embeddable":true,"href":"https:\/\/www.szentpiroskanyiracsad.hu\/index.php?rest_route=%2Fwp%2Fv2%2Ftags&post=10756"}],"curies":[{"name":"wp","href":"https:\/\/api.w.org\/{rel}","templated":true}]}}