{"id":10788,"date":"2025-10-10T13:54:00","date_gmt":"2025-10-10T13:54:00","guid":{"rendered":"https:\/\/www.szentpiroskanyiracsad.hu\/?p=10788"},"modified":"2025-11-05T13:57:49","modified_gmt":"2025-11-05T13:57:49","slug":"felavattuk-a-kiscsibeket","status":"publish","type":"post","link":"https:\/\/www.szentpiroskanyiracsad.hu\/?p=10788","title":{"rendered":"Felavattuk a kiscsib\u00e9ket"},"content":{"rendered":"\n<p>Iskol\u00e1nk legifjabb tanul\u00f3i, a kis els\u0151s\u00f6k hetek \u00f3ta k\u00e9sz\u00fcl\u0151dnek az els\u0151 igaz\u00e1n nekik, r\u00f3luk sz\u00f3l\u00f3 esem\u00e9nyre, a csibeavat\u00f3ra. M\u00f3k\u00e1s kis m\u0171sorukat szorgalmasan gyakorolt\u00e1k az iskola h\u00e1ts\u00f3 udvar\u00e1n, de egy cseppet sem zavarta \u0151ket, hogy a szemerk\u00e9l\u0151 es\u0151 miatta tornateremben kellett megtartani az avat\u00f3t. Az esem\u00e9nyre term\u00e9szetesen k\u00edv\u00e1ncsiak voltak a b\u00fcszke sz\u00fcl\u0151k, nagysz\u00fcl\u0151k, keresztsz\u00fcl\u0151k is, \u00e9s elj\u00f6ttek az \u00f3voda nagycsoportos apr\u00f3s\u00e1gai is. Garda L\u00e1szl\u00f3 <a><\/a>igazgat\u00f3 \u00far k\u00f6sz\u00f6nt\u00f6tte az els\u0151s\u00f6ket, akikr\u0151l elmondta, hogy az elm\u00falt m\u00e1sf\u00e9l h\u00f3nap alatt szemmel l\u00e1that\u00f3an belakt\u00e1k az iskol\u00e1t, szeretik \u00e9p\u00fcletet, az udvart, az eb\u00e9det, de m\u00e9g a tanul\u00e1st is. A sz\u00fcl\u0151k t\u00e1mogat\u00e1s\u00e1t k\u00e9rte abban, hogy er\u0151s\u00edts\u00e9k gyermekeikben, hogy j\u00f3 a Szent Pirosk\u00e1ba j\u00e1rni, j\u00f3 itt tanulni, mert akkor a csemet\u00e9k is j\u00f3l fogj\u00e1k magukat \u00e9rezni nyolc teljes \u00e9ven \u00e1t. Ezt k\u00f6vet\u0151en a k\u00e9t els\u0151 oszt\u00e1ly bemutatta r\u00f6vid \u00e9nekes, t\u00e1ncos m\u0171sor\u00e1t, majd a m\u00f3k\u00e1s esk\u00fct\u00e9tel k\u00f6vetkezett, melyben fogadt\u00e1k \u00e9gre-vil\u00e1gra, hogy ker\u00fclni fogj\u00e1k a \u201emacskakapar\u00e1st\u201d, a \u201ef\u00f6l\u00f6sleges csipog\u00e1st\u201d, \u00e9s sz\u00f3t fogadnak a \u201ety\u00fakany\u00f3knak\u201d, vagyis a tan\u00edt\u00f3 n\u00e9niknek. Az esk\u00fct\u00e9tel ut\u00e1n T\u00f3th Elek atya, iskol\u00e1nk lelki igazgat\u00f3ja meg\u00e1ldotta az iskolas\u00e1lakat, amiket azt\u00e1n a negyedik oszt\u00e1lyosok tettek a kicsi els\u0151s\u00f6k nyak\u00e1ba. Nem t\u00e1voztak a felavatott di\u00e1kok aj\u00e1nd\u00e9k n\u00e9lk\u00fcl, hiszen nemcsak a negyedikesek, de m\u00e9g az \u00f3vod\u00e1sok is kedveskedtek egy kis hasznos, j\u00e1t\u00e9kos apr\u00f3s\u00e1ggal. KGYZE<\/p>\n\n\n\nngg_shortcode_0_placeholder\n","protected":false},"excerpt":{"rendered":"<p>Iskol\u00e1nk legifjabb tanul\u00f3i, a kis els\u0151s\u00f6k hetek \u00f3ta k\u00e9sz\u00fcl\u0151dnek az els\u0151 igaz\u00e1n nekik, r\u00f3luk sz\u00f3l\u00f3 [&hellip;]<\/p>\n","protected":false},"author":1,"featured_media":10823,"comment_status":"closed","ping_status":"closed","sticky":false,"template":"","format":"standard","meta":{"ngg_post_thumbnail":0,"footnotes":""},"categories":[1],"tags":[],"class_list":["post-10788","post","type-post","status-publish","format-standard","has-post-thumbnail","hentry","category-szent-piroska-gorogkatolikus-altalanos-iskola"],"_links":{"self":[{"href":"https:\/\/www.szentpiroskanyiracsad.hu\/index.php?rest_route=\/wp\/v2\/posts\/10788","targetHints":{"allow":["GET"]}}],"collection":[{"href":"https:\/\/www.szentpiroskanyiracsad.hu\/index.php?rest_route=\/wp\/v2\/posts"}],"about":[{"href":"https:\/\/www.szentpiroskanyiracsad.hu\/index.php?rest_route=\/wp\/v2\/types\/post"}],"author":[{"embeddable":true,"href":"https:\/\/www.szentpiroskanyiracsad.hu\/index.php?rest_route=\/wp\/v2\/users\/1"}],"replies":[{"embeddable":true,"href":"https:\/\/www.szentpiroskanyiracsad.hu\/index.php?rest_route=%2Fwp%2Fv2%2Fcomments&post=10788"}],"version-history":[{"count":1,"href":"https:\/\/www.szentpiroskanyiracsad.hu\/index.php?rest_route=\/wp\/v2\/posts\/10788\/revisions"}],"predecessor-version":[{"id":10865,"href":"https:\/\/www.szentpiroskanyiracsad.hu\/index.php?rest_route=\/wp\/v2\/posts\/10788\/revisions\/10865"}],"wp:featuredmedia":[{"embeddable":true,"href":"https:\/\/www.szentpiroskanyiracsad.hu\/index.php?rest_route=\/wp\/v2\/media\/10823"}],"wp:attachment":[{"href":"https:\/\/www.szentpiroskanyiracsad.hu\/index.php?rest_route=%2Fwp%2Fv2%2Fmedia&parent=10788"}],"wp:term":[{"taxonomy":"category","embeddable":true,"href":"https:\/\/www.szentpiroskanyiracsad.hu\/index.php?rest_route=%2Fwp%2Fv2%2Fcategories&post=10788"},{"taxonomy":"post_tag","embeddable":true,"href":"https:\/\/www.szentpiroskanyiracsad.hu\/index.php?rest_route=%2Fwp%2Fv2%2Ftags&post=10788"}],"curies":[{"name":"wp","href":"https:\/\/api.w.org\/{rel}","templated":true}]}}