{"id":10866,"date":"2025-10-06T13:58:00","date_gmt":"2025-10-06T13:58:00","guid":{"rendered":"https:\/\/www.szentpiroskanyiracsad.hu\/?p=10866"},"modified":"2025-11-05T13:58:57","modified_gmt":"2025-11-05T13:58:57","slug":"oktober-6","status":"publish","type":"post","link":"https:\/\/www.szentpiroskanyiracsad.hu\/?p=10866","title":{"rendered":"Okt\u00f3ber 6."},"content":{"rendered":"\n<p>Okt\u00f3ber 6-ra, az aradi v\u00e9rtan\u00fakra eml\u00e9kezt\u00fcnk a mai reggelen. Az els\u0151 tan\u00edt\u00e1si \u00f3ra elej\u00e9n minden oszt\u00e1ly saj\u00e1t tanterm\u00e9ben n\u00e9zte meg azt a kisfilmet, mely a 13 h\u0151s t\u00e1bornok tisztelet\u00e9re k\u00e9sz\u00fclt. A kisfilmben a 7. b oszt\u00e1ly tanul\u00f3i szerepeltek, a m\u0171sort oszt\u00e1lyf\u0151n\u00f6k\u00fck, T\u00f3th Elekn\u00e9 \u00e1ll\u00edtotta \u00f6ssze. KGYZE<\/p>\n\n\n\n<p>Az el\u0151ad\u00e1s az al\u00e1bbi linken \u00e9rhet\u0151 el. <a href=\"https:\/\/youtu.be\/vvghss6wMqw?fbclid=IwZXh0bgNhZW0CMTAAYnJpZBEwWlpWTUlUWEJNTFdGOWMyMHNydGMGYXBwX2lkEDIyMjAzOTE3ODgyMDA4OTIAAR478WGMJUK0lZkSfZi3tYZ8zenORlcclEwPk18tZiH5Qv5aObokOf925VMwOg_aem_XQii42p97jSDigbC3WnDfw\" rel=\"noreferrer noopener\" target=\"_blank\">https:\/\/youtu.be\/vvghss6wMqw<\/a><\/p>\n","protected":false},"excerpt":{"rendered":"<p>Okt\u00f3ber 6-ra, az aradi v\u00e9rtan\u00fakra eml\u00e9kezt\u00fcnk a mai reggelen. Az els\u0151 tan\u00edt\u00e1si \u00f3ra elej\u00e9n minden [&hellip;]<\/p>\n","protected":false},"author":1,"featured_media":10867,"comment_status":"closed","ping_status":"closed","sticky":false,"template":"","format":"standard","meta":{"ngg_post_thumbnail":0,"footnotes":""},"categories":[1],"tags":[],"class_list":["post-10866","post","type-post","status-publish","format-standard","has-post-thumbnail","hentry","category-szent-piroska-gorogkatolikus-altalanos-iskola"],"_links":{"self":[{"href":"https:\/\/www.szentpiroskanyiracsad.hu\/index.php?rest_route=\/wp\/v2\/posts\/10866","targetHints":{"allow":["GET"]}}],"collection":[{"href":"https:\/\/www.szentpiroskanyiracsad.hu\/index.php?rest_route=\/wp\/v2\/posts"}],"about":[{"href":"https:\/\/www.szentpiroskanyiracsad.hu\/index.php?rest_route=\/wp\/v2\/types\/post"}],"author":[{"embeddable":true,"href":"https:\/\/www.szentpiroskanyiracsad.hu\/index.php?rest_route=\/wp\/v2\/users\/1"}],"replies":[{"embeddable":true,"href":"https:\/\/www.szentpiroskanyiracsad.hu\/index.php?rest_route=%2Fwp%2Fv2%2Fcomments&post=10866"}],"version-history":[{"count":1,"href":"https:\/\/www.szentpiroskanyiracsad.hu\/index.php?rest_route=\/wp\/v2\/posts\/10866\/revisions"}],"predecessor-version":[{"id":10868,"href":"https:\/\/www.szentpiroskanyiracsad.hu\/index.php?rest_route=\/wp\/v2\/posts\/10866\/revisions\/10868"}],"wp:featuredmedia":[{"embeddable":true,"href":"https:\/\/www.szentpiroskanyiracsad.hu\/index.php?rest_route=\/wp\/v2\/media\/10867"}],"wp:attachment":[{"href":"https:\/\/www.szentpiroskanyiracsad.hu\/index.php?rest_route=%2Fwp%2Fv2%2Fmedia&parent=10866"}],"wp:term":[{"taxonomy":"category","embeddable":true,"href":"https:\/\/www.szentpiroskanyiracsad.hu\/index.php?rest_route=%2Fwp%2Fv2%2Fcategories&post=10866"},{"taxonomy":"post_tag","embeddable":true,"href":"https:\/\/www.szentpiroskanyiracsad.hu\/index.php?rest_route=%2Fwp%2Fv2%2Ftags&post=10866"}],"curies":[{"name":"wp","href":"https:\/\/api.w.org\/{rel}","templated":true}]}}