{"id":10869,"date":"2025-10-03T13:59:00","date_gmt":"2025-10-03T13:59:00","guid":{"rendered":"https:\/\/www.szentpiroskanyiracsad.hu\/?p=10869"},"modified":"2025-11-05T14:02:21","modified_gmt":"2025-11-05T14:02:21","slug":"a-diaksport-napja","status":"publish","type":"post","link":"https:\/\/www.szentpiroskanyiracsad.hu\/?p=10869","title":{"rendered":"A di\u00e1ksport napja"},"content":{"rendered":"\n<p>A di\u00e1ksport napja alkalm\u00e1b\u00f3l Bogd\u00e1n Krisztina tan\u00e1rn\u0151 ism\u00e9t \u00e9rdekes programot \u00e1ll\u00edtott \u00f6ssze di\u00e1kjainknak. Az als\u00f3 tagozatosok fut\u00f3versenyen vettek r\u00e9szt, majd karikafoglal\u00f3 \u00e9s sorverseny k\u00f6vette az izgalmas programot. A fels\u0151 tagozatosok izgatottan v\u00e1rt\u00e1k a tan\u00e1r-di\u00e1k zsin\u00f3rlabda meccseket, ahol minden oszt\u00e1ly megm\u00e9rettette mag\u00e1t a tan\u00e1rok csapat\u00e1val. Az eredm\u00e9ny igaz\u00e1b\u00f3l nem sz\u00e1m\u00edtott, sokkal fontosabb volt a j\u00e1t\u00e9k k \u00f6r\u00f6me \u00e9s az, hogy mindenki j\u00f3l \u00e9rezte mag\u00e1t. KGYZE<\/p>\n\n\n\n<p><a><\/a>EREDM\u00c9NYEK:<\/p>\n\n\n\n<p>KARIKAFOGLAL\u00d3:<\/p>\n\n\n\n<p>1. \u00e9vf.: 1. Farka Demj\u00e9n, 2. Lakatros Noel, 3. Bujdos\u00f3 Lana<\/p>\n\n\n\n<p>2. \u00e9vf.: 1. Visov\u00e1n Lili\u00e1na, 2. Bark\u00f3 L\u00e9na, 3. Suga Zs\u00f3fia<\/p>\n\n\n\n<p>SOR-\u00c9S V\u00c1LT\u00d3VERSENY:<\/p>\n\n\n\n<p>1.helyezett: 4. b oszt\u00e1ly, 2. helyezett: 3. a oszt\u00e1ly, 3. helyezett: 4. a oszt\u00e1ly, 4. helyezett: 3. b oszt\u00e1ly<\/p>\n\n\n\n<p>FUT\u00d3VERSENY \u2013 l\u00e1nyok-fi\u00fak:<\/p>\n\n\n\n<p>1. \u00e9vf.: 1. Dorogi Bella, Horv\u00e1th M\u00e1t\u00e9, 2. P\u00fcnk\u00f6sd D\u00f3ra, Kony\u00e1ri Csaba, 3. Bujdos\u00f3 Lana, Karagity \u00c1ron<\/p>\n\n\n\n<p>2. \u00e9vf.: 1. Moln\u00e1r Zs\u00f3fia, Ol\u00e1h Nikol\u00e1sz, 2. Boros Blanka, Boros Nimr\u00f3d, 3. Bark\u00f3 L\u00e9na, Balogh Tivadar<\/p>\n\n\n\n<p>3. \u00e9vf.: 1. Bucsk\u00f3 Bella, Farkas Zolt\u00e1n, 2. Boros Ad\u00e9l, Hut\u00f3czki Patrik, 3. J\u00f3n\u00e1s Vivien, Horv\u00e1th M\u00e1rk<\/p>\n\n\n\n<p>4. \u00e9vf.: 1. J\u00f3n\u00e1s M\u00f3nika, Dorogi M\u00e1rk, 2. Hercegh F\u00e9dra, Czuper Botond, 3.Heged\u0171s Luca, Birko Szabolcs<\/p>\n\n\n\nngg_shortcode_0_placeholder\n","protected":false},"excerpt":{"rendered":"<p>A di\u00e1ksport napja alkalm\u00e1b\u00f3l Bogd\u00e1n Krisztina tan\u00e1rn\u0151 ism\u00e9t \u00e9rdekes programot \u00e1ll\u00edtott \u00f6ssze di\u00e1kjainknak. Az als\u00f3 [&hellip;]<\/p>\n","protected":false},"author":1,"featured_media":10871,"comment_status":"closed","ping_status":"closed","sticky":false,"template":"","format":"standard","meta":{"ngg_post_thumbnail":0,"footnotes":""},"categories":[1],"tags":[],"class_list":["post-10869","post","type-post","status-publish","format-standard","has-post-thumbnail","hentry","category-szent-piroska-gorogkatolikus-altalanos-iskola"],"_links":{"self":[{"href":"https:\/\/www.szentpiroskanyiracsad.hu\/index.php?rest_route=\/wp\/v2\/posts\/10869","targetHints":{"allow":["GET"]}}],"collection":[{"href":"https:\/\/www.szentpiroskanyiracsad.hu\/index.php?rest_route=\/wp\/v2\/posts"}],"about":[{"href":"https:\/\/www.szentpiroskanyiracsad.hu\/index.php?rest_route=\/wp\/v2\/types\/post"}],"author":[{"embeddable":true,"href":"https:\/\/www.szentpiroskanyiracsad.hu\/index.php?rest_route=\/wp\/v2\/users\/1"}],"replies":[{"embeddable":true,"href":"https:\/\/www.szentpiroskanyiracsad.hu\/index.php?rest_route=%2Fwp%2Fv2%2Fcomments&post=10869"}],"version-history":[{"count":1,"href":"https:\/\/www.szentpiroskanyiracsad.hu\/index.php?rest_route=\/wp\/v2\/posts\/10869\/revisions"}],"predecessor-version":[{"id":10924,"href":"https:\/\/www.szentpiroskanyiracsad.hu\/index.php?rest_route=\/wp\/v2\/posts\/10869\/revisions\/10924"}],"wp:featuredmedia":[{"embeddable":true,"href":"https:\/\/www.szentpiroskanyiracsad.hu\/index.php?rest_route=\/wp\/v2\/media\/10871"}],"wp:attachment":[{"href":"https:\/\/www.szentpiroskanyiracsad.hu\/index.php?rest_route=%2Fwp%2Fv2%2Fmedia&parent=10869"}],"wp:term":[{"taxonomy":"category","embeddable":true,"href":"https:\/\/www.szentpiroskanyiracsad.hu\/index.php?rest_route=%2Fwp%2Fv2%2Fcategories&post=10869"},{"taxonomy":"post_tag","embeddable":true,"href":"https:\/\/www.szentpiroskanyiracsad.hu\/index.php?rest_route=%2Fwp%2Fv2%2Ftags&post=10869"}],"curies":[{"name":"wp","href":"https:\/\/api.w.org\/{rel}","templated":true}]}}