{"id":10925,"date":"2025-10-02T14:02:00","date_gmt":"2025-10-02T14:02:00","guid":{"rendered":"https:\/\/www.szentpiroskanyiracsad.hu\/?p=10925"},"modified":"2025-11-05T14:04:29","modified_gmt":"2025-11-05T14:04:29","slug":"a-zene-vilagnapja-3","status":"publish","type":"post","link":"https:\/\/www.szentpiroskanyiracsad.hu\/?p=10925","title":{"rendered":"A zene vil\u00e1gnapja"},"content":{"rendered":"\n<p>Okt\u00f3ber 1-je, a zene vil\u00e1gnapja alkalm\u00e1b\u00f3l kicsik \u00e9s nagyok egyar\u00e1nt \u00e9lm\u00e9nyd\u00fas, \u00e9rdekes \u00e9s tan\u00edt\u00f3 c\u00e9lzat\u00fa esem\u00e9nyeken programokon vehettek r\u00e9szt. Az als\u00f3 tagozatosok iskol\u00e1nk zeneoktat\u00f3i, B\u00e1nka Krist\u00f3f \u00e9s B\u00edr\u00f3 Karina vezet\u00e9s\u00e9vel minikoncerten vettek r\u00e9szt az aul\u00e1ban. El\u0151sz\u00f6r \u00e9lm\u00e9nyt ad\u00f3 ritmusgyakorlatokat v\u00e9geztek, majd a k\u00e9t zenetan\u00e1r, B\u00e1nka Krist\u00f3f zongor\u00e1n, B\u00edr\u00f3 Karina pedig heged\u0171k\u00eds\u00e9rettel n\u00e9pdalfeldolgoz\u00e1sokkal \u00e9s egy\u00e9b zenedarabokkal \u00f6rvendeztette meg di\u00e1kjainkat. A minikoncert v\u00e9g\u00e9n k\u00f6z\u00f6sen a gyerekekkel k\u00f6z\u00f6sen \u00e9nekelt\u00e9k el az \u00c9rik a sz\u0151l\u0151 c\u00edm\u0171 n\u00e9pdalt, amivel nagy sikert arattak. A fels\u0151 tagozatosok sz\u00e1m\u00e1ra iskol\u00e1nk \u00e9nektan\u00e1ra, T\u00f3thn\u00e9 Szab\u00f3 Marianna \u00e1ll\u00edtott \u00f6ssze egy vide\u00f3t, mely Bart\u00f3k B\u00e9la zenei munk\u00e1ss\u00e1g\u00e1t foglalta \u00f6ssze. A filmet a di\u00e1kok az els\u0151 \u00f3r\u00e1ban, az oszt\u00e1lyterm\u00fckben k\u00f6z\u00f6sen n\u00e9zt\u00e9k meg. KGYZE<\/p>\n\n\n\nngg_shortcode_0_placeholder\n","protected":false},"excerpt":{"rendered":"<p>Okt\u00f3ber 1-je, a zene vil\u00e1gnapja alkalm\u00e1b\u00f3l kicsik \u00e9s nagyok egyar\u00e1nt \u00e9lm\u00e9nyd\u00fas, \u00e9rdekes \u00e9s tan\u00edt\u00f3 c\u00e9lzat\u00fa [&hellip;]<\/p>\n","protected":false},"author":1,"featured_media":10946,"comment_status":"closed","ping_status":"closed","sticky":false,"template":"","format":"standard","meta":{"ngg_post_thumbnail":0,"footnotes":""},"categories":[1],"tags":[],"class_list":["post-10925","post","type-post","status-publish","format-standard","has-post-thumbnail","hentry","category-szent-piroska-gorogkatolikus-altalanos-iskola"],"_links":{"self":[{"href":"https:\/\/www.szentpiroskanyiracsad.hu\/index.php?rest_route=\/wp\/v2\/posts\/10925","targetHints":{"allow":["GET"]}}],"collection":[{"href":"https:\/\/www.szentpiroskanyiracsad.hu\/index.php?rest_route=\/wp\/v2\/posts"}],"about":[{"href":"https:\/\/www.szentpiroskanyiracsad.hu\/index.php?rest_route=\/wp\/v2\/types\/post"}],"author":[{"embeddable":true,"href":"https:\/\/www.szentpiroskanyiracsad.hu\/index.php?rest_route=\/wp\/v2\/users\/1"}],"replies":[{"embeddable":true,"href":"https:\/\/www.szentpiroskanyiracsad.hu\/index.php?rest_route=%2Fwp%2Fv2%2Fcomments&post=10925"}],"version-history":[{"count":1,"href":"https:\/\/www.szentpiroskanyiracsad.hu\/index.php?rest_route=\/wp\/v2\/posts\/10925\/revisions"}],"predecessor-version":[{"id":10947,"href":"https:\/\/www.szentpiroskanyiracsad.hu\/index.php?rest_route=\/wp\/v2\/posts\/10925\/revisions\/10947"}],"wp:featuredmedia":[{"embeddable":true,"href":"https:\/\/www.szentpiroskanyiracsad.hu\/index.php?rest_route=\/wp\/v2\/media\/10946"}],"wp:attachment":[{"href":"https:\/\/www.szentpiroskanyiracsad.hu\/index.php?rest_route=%2Fwp%2Fv2%2Fmedia&parent=10925"}],"wp:term":[{"taxonomy":"category","embeddable":true,"href":"https:\/\/www.szentpiroskanyiracsad.hu\/index.php?rest_route=%2Fwp%2Fv2%2Fcategories&post=10925"},{"taxonomy":"post_tag","embeddable":true,"href":"https:\/\/www.szentpiroskanyiracsad.hu\/index.php?rest_route=%2Fwp%2Fv2%2Ftags&post=10925"}],"curies":[{"name":"wp","href":"https:\/\/api.w.org\/{rel}","templated":true}]}}