{"id":10989,"date":"2025-11-21T08:59:47","date_gmt":"2025-11-21T08:59:47","guid":{"rendered":"https:\/\/www.szentpiroskanyiracsad.hu\/?p=10989"},"modified":"2025-11-21T08:59:49","modified_gmt":"2025-11-21T08:59:49","slug":"istenszulo-templomba-valo-bevezetesenek-unnepe","status":"publish","type":"post","link":"https:\/\/www.szentpiroskanyiracsad.hu\/?p=10989","title":{"rendered":"Istensz\u00fcl\u0151 templomba val\u00f3 bevezet\u00e9s\u00e9nek \u00fcnnepe"},"content":{"rendered":"\n<p>November 21-\u00e9n reggel szent liturgi\u00e1val ind\u00edtottuk a napot az Istensz\u00fcl\u0151 templomba val\u00f3 bevezet\u00e9s\u00e9nek \u00fcnnep\u00e9n. A evang\u00e9liumi szakasz olvas\u00e1sa ut\u00e1n Elek atya feleleven\u00edtette Joakim \u00e9s Anna, vagyis M\u00e1ria sz\u00fcleinek t\u00f6rt\u00e9net\u00e9t, akik \u00e9lemedett korukban mintegy aj\u00e1nd\u00e9kba kapt\u00e1k gyermek\u00fcket Istent\u0151l, s akit h\u00e1l\u00e1b\u00f3l Isten szolg\u00e1lat\u00e1ba aj\u00e1nlottak. M\u00e1ria h\u00e1rom\u00e9ves kor\u00e1t\u00f3l sz\u00fcleit\u0151l t\u00e1vol \u00e9lt \u00e9s nevelkedett, tanult, \u00e9s eleget tett k\u00f6telezetts\u00e9geinek. Elek atya is a k\u00f6teless\u00e9get emelte <a><\/a>ki, \u00e9s \u00e1ll\u00edtotta k\u00f6vetend\u0151 p\u00e9ldak\u00e9nt a di\u00e1kok el\u00e9. Hogy kinek is tartozunk k\u00f6teless\u00e9ggel?<\/p>\n\n\n\n<p>El\u0151sz\u00f6r is a J\u00f3isten fel\u00e9. Im\u00e1ds\u00e1ggal, majd templomba j\u00e1r\u00e1ssal, hogy az Isten v\u00e1laszolni is tudjon a hozz\u00e1 int\u00e9zett gondolatokra. K\u00f6telezetts\u00e9geink vannak embert\u00e1rsaink, vagyis sz\u00fcleink, iskolat\u00e1rsaink \u00e9s a minket k\u00f6r\u00fclvev\u0151 feln\u0151ttek fel\u00e9. K\u00f6sz\u00f6n\u00e9ssel, tisztelettel, seg\u00edts\u00e9gny\u00fajt\u00e1ssal. \u00c9s nem utols\u00f3 sorban k\u00f6telezetts\u00e9g\u00fcnk van \u00f6nmagunkkal szemben is, hogy vigy\u00e1zzunk testi \u00e9s lelki eg\u00e9szs\u00e9g\u00fcnkre. A liturgia mirov\u00e1l\u00e1ssal \u00e9rt v\u00e9get az Istensz\u00fcl\u0151 templomba vezet\u00e9s\u00e9nek \u00fcnnep\u00e9n. KGYZE<\/p>\n\n\n\nngg_shortcode_0_placeholder\n","protected":false},"excerpt":{"rendered":"<p>November 21-\u00e9n reggel szent liturgi\u00e1val ind\u00edtottuk a napot az Istensz\u00fcl\u0151 templomba val\u00f3 bevezet\u00e9s\u00e9nek \u00fcnnep\u00e9n. A [&hellip;]<\/p>\n","protected":false},"author":1,"featured_media":10990,"comment_status":"closed","ping_status":"closed","sticky":false,"template":"","format":"standard","meta":{"ngg_post_thumbnail":0,"footnotes":""},"categories":[1],"tags":[],"class_list":["post-10989","post","type-post","status-publish","format-standard","has-post-thumbnail","hentry","category-szent-piroska-gorogkatolikus-altalanos-iskola"],"_links":{"self":[{"href":"https:\/\/www.szentpiroskanyiracsad.hu\/index.php?rest_route=\/wp\/v2\/posts\/10989","targetHints":{"allow":["GET"]}}],"collection":[{"href":"https:\/\/www.szentpiroskanyiracsad.hu\/index.php?rest_route=\/wp\/v2\/posts"}],"about":[{"href":"https:\/\/www.szentpiroskanyiracsad.hu\/index.php?rest_route=\/wp\/v2\/types\/post"}],"author":[{"embeddable":true,"href":"https:\/\/www.szentpiroskanyiracsad.hu\/index.php?rest_route=\/wp\/v2\/users\/1"}],"replies":[{"embeddable":true,"href":"https:\/\/www.szentpiroskanyiracsad.hu\/index.php?rest_route=%2Fwp%2Fv2%2Fcomments&post=10989"}],"version-history":[{"count":1,"href":"https:\/\/www.szentpiroskanyiracsad.hu\/index.php?rest_route=\/wp\/v2\/posts\/10989\/revisions"}],"predecessor-version":[{"id":10991,"href":"https:\/\/www.szentpiroskanyiracsad.hu\/index.php?rest_route=\/wp\/v2\/posts\/10989\/revisions\/10991"}],"wp:featuredmedia":[{"embeddable":true,"href":"https:\/\/www.szentpiroskanyiracsad.hu\/index.php?rest_route=\/wp\/v2\/media\/10990"}],"wp:attachment":[{"href":"https:\/\/www.szentpiroskanyiracsad.hu\/index.php?rest_route=%2Fwp%2Fv2%2Fmedia&parent=10989"}],"wp:term":[{"taxonomy":"category","embeddable":true,"href":"https:\/\/www.szentpiroskanyiracsad.hu\/index.php?rest_route=%2Fwp%2Fv2%2Fcategories&post=10989"},{"taxonomy":"post_tag","embeddable":true,"href":"https:\/\/www.szentpiroskanyiracsad.hu\/index.php?rest_route=%2Fwp%2Fv2%2Ftags&post=10989"}],"curies":[{"name":"wp","href":"https:\/\/api.w.org\/{rel}","templated":true}]}}