{"id":11074,"date":"2025-11-12T09:05:00","date_gmt":"2025-11-12T09:05:00","guid":{"rendered":"https:\/\/www.szentpiroskanyiracsad.hu\/?p=11074"},"modified":"2025-11-21T09:06:21","modified_gmt":"2025-11-21T09:06:21","slug":"lampas-felvonulas-szent-marton-napjan","status":"publish","type":"post","link":"https:\/\/www.szentpiroskanyiracsad.hu\/?p=11074","title":{"rendered":"L\u00e1mp\u00e1s felvonul\u00e1s Szent M\u00e1rton napj\u00e1n"},"content":{"rendered":"\n<p>Imm\u00e1r harmadik alkalommal szervezett iskol\u00e1nk l\u00e1mp\u00e1s felvonul\u00e1st november 11-e, vagyis Szent M\u00e1rton napja tisztelet\u00e9re. Az elm\u00falt h\u00e9ten a fels\u0151s\u00f6k az iskolai fali\u00fajs\u00e1gr\u00f3l olvashatt\u00e1k, az als\u00f3sok a tan\u00edt\u00f3 n\u00e9nikt\u0151l hallhatt\u00e1k a szent \u00e9let\u00e9r\u0151l sz\u00f3l\u00f3 legend\u00e1t, megismerkedhettek a M\u00e1rton-naphoz f\u0171z\u0151d\u0151 n\u00e9pszok\u00e1sokkal, sz\u00f3l\u00e1sokkal, \u00e9s term\u00e9szetesen az is kider\u00fclt, mik\u00e9nt kapcsol\u00f3dik a liba ehhez a naphoz. Di\u00e1kjaink nagy izgalommal k\u00e9sz\u00edtett\u00e9k <a><\/a>vagy szerezt\u00e9k be kis l\u00e1mp\u00e1saikat, amivel bevil\u00e1g\u00edtott\u00e1k a felvonul\u00e1s \u00fatvonal\u00e1t. A menet napnyugta el\u0151tt az iskol\u00e1b\u00f3l indult. Els\u0151 \u00e1llom\u00e1s az \u00f3voda udvara volt, ahol az apr\u00f3s\u00e1gok \u00e9s a sz\u00fcl\u0151k vid\u00e1m zenesz\u00f3val, \u00e9s az elmaradhatatlan l\u00e1mp\u00e1sokkal v\u00e1rt\u00e1k az iskol\u00e1sokat. Az \u00f3vod\u00e1b\u00f3l m\u00e1r t\u00f6bb sz\u00e1z f\u0151b\u0151l \u00e1ll\u00f3 menet indult el a Malom utca \u00e9s a K\u00e1ntor d\u0171l\u0151n kereszt\u00fcl, majd a g\u00f6r\u00f6gkatolikus templomot k\u00f6rbej\u00e1rva t\u00e9rt be a r\u00f3mai katolikus templomba, ahol Eiben Tam\u00e1s atya Szent M\u00e1rtonr\u00f3l olvasta fel a kapcsol\u00f3d\u00f3 evang\u00e9liumi szakaszt. Az ig\u00e9hez kapcsol\u00f3dva az Isten \u00e9s J\u00e9zus \u00e1ltal bel\u00e9nk \u00fcltetett szeretet \u00e9s j\u00f3s\u00e1g hatalm\u00e1r\u00f3l besz\u00e9lt.<\/p>\n\n\n\n<p>A gyerekekb\u0151l, sz\u00fcl\u0151kb\u0151l, j\u00e1r\u00f3kel\u0151kb\u0151l felduzzadt zsibong\u00f3, izgatott, vid\u00e1m forgatag a Pet\u0151fi t\u00e9rre indult, a kis m\u00e9csesek pedig \u00fagy ragyogtak, mintha ezen az est\u00e9n a f\u00f6ldre k\u00f6lt\u00f6ztek volna a csillagok. A falu f\u0151ter\u00e9re \u00e9rve Br\u00f3di R\u00f3bert polg\u00e1rmester is k\u00f6sz\u00f6nt\u00f6tte az egybegy\u0171lt n\u00e9pes csapatot, majd fellobbant a j\u00f3s\u00e1g \u00e9s a szeretet t\u00fcze, a szak\u00e1cs n\u00e9nik forr\u00f3 te\u00e1val \u00e9s libazs\u00edros keny\u00e9rrel k\u00edn\u00e1lt\u00e1k a r\u00e9sztvev\u0151ket, az E\u00f6rd\u00f6gh Forg\u00f3 N\u00e9pt\u00e1ncegy\u00fcttes vezet\u0151je, Bajusz Gerg\u0151 pedig r\u00f6vid t\u00e1nch\u00e1zba invit\u00e1lta a v\u00e1llalkoz\u00f3 kedv\u0171 di\u00e1kokat \u00e9s feln\u0151tteket Szent M\u00e1rton napj\u00e1n. KGYZE<\/p>\n\n\n\nngg_shortcode_0_placeholder\n","protected":false},"excerpt":{"rendered":"<p>Imm\u00e1r harmadik alkalommal szervezett iskol\u00e1nk l\u00e1mp\u00e1s felvonul\u00e1st november 11-e, vagyis Szent M\u00e1rton napja tisztelet\u00e9re. Az [&hellip;]<\/p>\n","protected":false},"author":1,"featured_media":11075,"comment_status":"closed","ping_status":"closed","sticky":false,"template":"","format":"standard","meta":{"ngg_post_thumbnail":0,"footnotes":""},"categories":[1],"tags":[],"class_list":["post-11074","post","type-post","status-publish","format-standard","has-post-thumbnail","hentry","category-szent-piroska-gorogkatolikus-altalanos-iskola"],"_links":{"self":[{"href":"https:\/\/www.szentpiroskanyiracsad.hu\/index.php?rest_route=\/wp\/v2\/posts\/11074","targetHints":{"allow":["GET"]}}],"collection":[{"href":"https:\/\/www.szentpiroskanyiracsad.hu\/index.php?rest_route=\/wp\/v2\/posts"}],"about":[{"href":"https:\/\/www.szentpiroskanyiracsad.hu\/index.php?rest_route=\/wp\/v2\/types\/post"}],"author":[{"embeddable":true,"href":"https:\/\/www.szentpiroskanyiracsad.hu\/index.php?rest_route=\/wp\/v2\/users\/1"}],"replies":[{"embeddable":true,"href":"https:\/\/www.szentpiroskanyiracsad.hu\/index.php?rest_route=%2Fwp%2Fv2%2Fcomments&post=11074"}],"version-history":[{"count":1,"href":"https:\/\/www.szentpiroskanyiracsad.hu\/index.php?rest_route=\/wp\/v2\/posts\/11074\/revisions"}],"predecessor-version":[{"id":11076,"href":"https:\/\/www.szentpiroskanyiracsad.hu\/index.php?rest_route=\/wp\/v2\/posts\/11074\/revisions\/11076"}],"wp:featuredmedia":[{"embeddable":true,"href":"https:\/\/www.szentpiroskanyiracsad.hu\/index.php?rest_route=\/wp\/v2\/media\/11075"}],"wp:attachment":[{"href":"https:\/\/www.szentpiroskanyiracsad.hu\/index.php?rest_route=%2Fwp%2Fv2%2Fmedia&parent=11074"}],"wp:term":[{"taxonomy":"category","embeddable":true,"href":"https:\/\/www.szentpiroskanyiracsad.hu\/index.php?rest_route=%2Fwp%2Fv2%2Fcategories&post=11074"},{"taxonomy":"post_tag","embeddable":true,"href":"https:\/\/www.szentpiroskanyiracsad.hu\/index.php?rest_route=%2Fwp%2Fv2%2Ftags&post=11074"}],"curies":[{"name":"wp","href":"https:\/\/api.w.org\/{rel}","templated":true}]}}