{"id":11147,"date":"2025-11-14T09:13:00","date_gmt":"2025-11-14T09:13:00","guid":{"rendered":"https:\/\/www.szentpiroskanyiracsad.hu\/?p=11147"},"modified":"2025-11-21T09:14:33","modified_gmt":"2025-11-21T09:14:33","slug":"a-magyar-szo-napja-az-also-tagozatban","status":"publish","type":"post","link":"https:\/\/www.szentpiroskanyiracsad.hu\/?p=11147","title":{"rendered":"A magyar sz\u00f3 napja az als\u00f3 tagozatban"},"content":{"rendered":"\n<p>November 13-\u00e1n, a magyar sz\u00f3 napja alkalm\u00e1b\u00f3l Matiln\u00e9 Boll\u00f3k Nikolett tan\u00e1rn\u0151 szervez\u00e9s\u00e9ben \u00e9s vezet\u00e9s\u00e9vel \u00e9rdekes, izgalmas, mozgalmas, \u00e9s persze tan\u00edt\u00f3 c\u00e9lzat\u00fa nyelvi akad\u00e1lyversenyen vehettek r\u00e9szt als\u00f3 tagozatos di\u00e1kjaink. A feladatok igazodtak az \u00e9vfolyamok nyelvi ismeretszintj\u00e9hez. A di\u00e1kok el\u0151sz\u00f6r is j\u00e1t\u00e9kos \u201ebet\u0171s\u00e9t\u00e1nyon\u201d k\u00f6zel\u00edthett\u00e9k meg a tornateremben fel\u00e1ll\u00edtott akad\u00e1lyp\u00e1ly\u00e1t. Majd szint\u00e9n j\u00e1t\u00e9kos form\u00e1ban bizony\u00edthatt\u00e1k, hogy <a><\/a>boldogulnak a bet\u0171k \u00e9s hangok birodalm\u00e1ban, bet\u0171kb\u0151l szavakat alkottak, szavakb\u00f3l mondatok sz\u00fclettek, k\u00f6zben mozogtak, versenyeztek, gondolkodtak, alkottak, izgultak, szurkoltak egym\u00e1snak, \u00e9s mozogtak, ami nagyon sokat seg\u00edtett a gyerekeknek abban, hogy megjegyezz\u00e9k: november 13-a a magyar sz\u00f3 napja. Niki n\u00e9ni mindent megtett annak \u00e9rdek\u00e9nben, hogy ez \u00edgy is legyen. Valamennyi oszt\u00e1ly nagyon \u00e9lvezte a feladatokat, \u00e9s \u00f6r\u00f6mmel vett r\u00e9szt a j\u00e1t\u00e9kban. Nem is sejtett\u00e9k, mennyi mindent tanultak a nap folyam\u00e1n. KGYZE<\/p>\n\n\n\nngg_shortcode_0_placeholder\n","protected":false},"excerpt":{"rendered":"<p>November 13-\u00e1n, a magyar sz\u00f3 napja alkalm\u00e1b\u00f3l Matiln\u00e9 Boll\u00f3k Nikolett tan\u00e1rn\u0151 szervez\u00e9s\u00e9ben \u00e9s vezet\u00e9s\u00e9vel \u00e9rdekes, [&hellip;]<\/p>\n","protected":false},"author":1,"featured_media":11148,"comment_status":"closed","ping_status":"closed","sticky":false,"template":"","format":"standard","meta":{"ngg_post_thumbnail":0,"footnotes":""},"categories":[1],"tags":[],"class_list":["post-11147","post","type-post","status-publish","format-standard","has-post-thumbnail","hentry","category-szent-piroska-gorogkatolikus-altalanos-iskola"],"_links":{"self":[{"href":"https:\/\/www.szentpiroskanyiracsad.hu\/index.php?rest_route=\/wp\/v2\/posts\/11147","targetHints":{"allow":["GET"]}}],"collection":[{"href":"https:\/\/www.szentpiroskanyiracsad.hu\/index.php?rest_route=\/wp\/v2\/posts"}],"about":[{"href":"https:\/\/www.szentpiroskanyiracsad.hu\/index.php?rest_route=\/wp\/v2\/types\/post"}],"author":[{"embeddable":true,"href":"https:\/\/www.szentpiroskanyiracsad.hu\/index.php?rest_route=\/wp\/v2\/users\/1"}],"replies":[{"embeddable":true,"href":"https:\/\/www.szentpiroskanyiracsad.hu\/index.php?rest_route=%2Fwp%2Fv2%2Fcomments&post=11147"}],"version-history":[{"count":1,"href":"https:\/\/www.szentpiroskanyiracsad.hu\/index.php?rest_route=\/wp\/v2\/posts\/11147\/revisions"}],"predecessor-version":[{"id":11149,"href":"https:\/\/www.szentpiroskanyiracsad.hu\/index.php?rest_route=\/wp\/v2\/posts\/11147\/revisions\/11149"}],"wp:featuredmedia":[{"embeddable":true,"href":"https:\/\/www.szentpiroskanyiracsad.hu\/index.php?rest_route=\/wp\/v2\/media\/11148"}],"wp:attachment":[{"href":"https:\/\/www.szentpiroskanyiracsad.hu\/index.php?rest_route=%2Fwp%2Fv2%2Fmedia&parent=11147"}],"wp:term":[{"taxonomy":"category","embeddable":true,"href":"https:\/\/www.szentpiroskanyiracsad.hu\/index.php?rest_route=%2Fwp%2Fv2%2Fcategories&post=11147"},{"taxonomy":"post_tag","embeddable":true,"href":"https:\/\/www.szentpiroskanyiracsad.hu\/index.php?rest_route=%2Fwp%2Fv2%2Ftags&post=11147"}],"curies":[{"name":"wp","href":"https:\/\/api.w.org\/{rel}","templated":true}]}}