{"id":11176,"date":"2025-11-14T09:16:00","date_gmt":"2025-11-14T09:16:00","guid":{"rendered":"https:\/\/www.szentpiroskanyiracsad.hu\/?p=11176"},"modified":"2025-11-21T09:17:02","modified_gmt":"2025-11-21T09:17:02","slug":"magyar-szo-napja","status":"publish","type":"post","link":"https:\/\/www.szentpiroskanyiracsad.hu\/?p=11176","title":{"rendered":"Magyar Sz\u00f3 Napja"},"content":{"rendered":"\n<p>November 13-a, a magyar sz\u00f3 napja alkalm\u00e1b\u00f3l fels\u0151 tagozatos di\u00e1kjaink is r\u00e1csod\u00e1lkozhattak nyelv\u00fcnk sz\u00e9ps\u00e9g\u00e9re, soksz\u00edn\u0171s\u00e9g\u00e9re. Ism\u00e9t felker\u00fcltek az iskola bels\u0151 l\u00e9pcs\u0151i melletti fakorl\u00e1tokra a vicces sz\u00f3j\u00e1t\u00e9kok, k\u00e9prejtv\u00e9nyek, sz\u00f3viccek. Az \u00f6tletesebbn\u00e9l \u00f6tletesebb, k\u00e9pileg is megjelen\u00edthet\u0151 vicces rejtv\u00e9nyek el\u0151tt sz\u00edvesen meg-meg\u00e1llnak di\u00e1kjaink, de m\u00e9g a feln\u0151ttek is. Haladunk a korral, \u00edgy id\u00e9n b\u0151v\u00fclt a paletta a magyaros\u00edtott szlengek, \u00e9s az online szlengek n\u00e9h\u00e1ny p\u00e9ld\u00e1j\u00e1val. A kis t\u00e1bl\u00e1kon l\u00e1that\u00f3 sz\u00f3viccek, k\u00e9pes rejtv\u00e9nyek mind-mind azt bizony\u00edtj\u00e1k, mennyire j\u00e1t\u00e9kosan sokoldal\u00fa \u00e9s csod\u00e1latos a mi \u00e9des anyanyelv\u00fcnk. A szervez\u0151k Simonn\u00e9 Czentye Anik\u00f3 \u00e9s Kedves Gy\u00f6rgyn\u00e9 Zilahi Enik\u0151 tan\u00e1rn\u0151k voltak. KGYZE<\/p>\n\n\n\nngg_shortcode_0_placeholder\n","protected":false},"excerpt":{"rendered":"<p>November 13-a, a magyar sz\u00f3 napja alkalm\u00e1b\u00f3l fels\u0151 tagozatos di\u00e1kjaink is r\u00e1csod\u00e1lkozhattak nyelv\u00fcnk sz\u00e9ps\u00e9g\u00e9re, soksz\u00edn\u0171s\u00e9g\u00e9re. [&hellip;]<\/p>\n","protected":false},"author":1,"featured_media":11177,"comment_status":"closed","ping_status":"closed","sticky":false,"template":"","format":"standard","meta":{"ngg_post_thumbnail":0,"footnotes":""},"categories":[1],"tags":[],"class_list":["post-11176","post","type-post","status-publish","format-standard","has-post-thumbnail","hentry","category-szent-piroska-gorogkatolikus-altalanos-iskola"],"_links":{"self":[{"href":"https:\/\/www.szentpiroskanyiracsad.hu\/index.php?rest_route=\/wp\/v2\/posts\/11176","targetHints":{"allow":["GET"]}}],"collection":[{"href":"https:\/\/www.szentpiroskanyiracsad.hu\/index.php?rest_route=\/wp\/v2\/posts"}],"about":[{"href":"https:\/\/www.szentpiroskanyiracsad.hu\/index.php?rest_route=\/wp\/v2\/types\/post"}],"author":[{"embeddable":true,"href":"https:\/\/www.szentpiroskanyiracsad.hu\/index.php?rest_route=\/wp\/v2\/users\/1"}],"replies":[{"embeddable":true,"href":"https:\/\/www.szentpiroskanyiracsad.hu\/index.php?rest_route=%2Fwp%2Fv2%2Fcomments&post=11176"}],"version-history":[{"count":1,"href":"https:\/\/www.szentpiroskanyiracsad.hu\/index.php?rest_route=\/wp\/v2\/posts\/11176\/revisions"}],"predecessor-version":[{"id":11178,"href":"https:\/\/www.szentpiroskanyiracsad.hu\/index.php?rest_route=\/wp\/v2\/posts\/11176\/revisions\/11178"}],"wp:featuredmedia":[{"embeddable":true,"href":"https:\/\/www.szentpiroskanyiracsad.hu\/index.php?rest_route=\/wp\/v2\/media\/11177"}],"wp:attachment":[{"href":"https:\/\/www.szentpiroskanyiracsad.hu\/index.php?rest_route=%2Fwp%2Fv2%2Fmedia&parent=11176"}],"wp:term":[{"taxonomy":"category","embeddable":true,"href":"https:\/\/www.szentpiroskanyiracsad.hu\/index.php?rest_route=%2Fwp%2Fv2%2Fcategories&post=11176"},{"taxonomy":"post_tag","embeddable":true,"href":"https:\/\/www.szentpiroskanyiracsad.hu\/index.php?rest_route=%2Fwp%2Fv2%2Ftags&post=11176"}],"curies":[{"name":"wp","href":"https:\/\/api.w.org\/{rel}","templated":true}]}}