{"id":11517,"date":"2026-01-06T11:49:00","date_gmt":"2026-01-06T11:49:00","guid":{"rendered":"https:\/\/www.szentpiroskanyiracsad.hu\/?p=11517"},"modified":"2026-01-19T11:51:18","modified_gmt":"2026-01-19T11:51:18","slug":"vizkereszt-unnepe","status":"publish","type":"post","link":"https:\/\/www.szentpiroskanyiracsad.hu\/?p=11517","title":{"rendered":"V\u00edzkereszt \u00fcnnepe"},"content":{"rendered":"\n<p>Janu\u00e1r 6-\u00e1n, v\u00edzkereszt \u00fcnnep\u00e9n a g\u00f6r\u00f6gkatolikus templomban szent liturgi\u00e1val indult a nap a Szent Piroska di\u00e1kjai \u00e9s pedag\u00f3gusai sz\u00e1m\u00e1ra. Az evang\u00e9liumi szakasz olvas\u00e1sa ut\u00e1n Elek atya az \u00fcnnep tartalm\u00e1r\u00f3l \u00e9s elnevez\u00e9s\u00e9r\u0151l besz\u00e9lt a di\u00e1koknak. Elmondta, hogy ez az a nap, amikor J\u00e9zus J\u00e1nos \u00e1ltal megkeresztelkedett a Jord\u00e1n foly\u00f3ban, majd megjelent a Szentl\u00e9lek galamb k\u00e9p\u00e9ben, \u00e9s felhangzott egy hang, az \u00dar hangja is. \u00cdgy kapt\u00e1k meg az emberek az \u00fczenetet, hogy a szenth\u00e1roms\u00e1gban egy Isten van. Elek atya besz\u00e9lt m\u00e9g a di\u00e1koknak az \u00fcnnep t\u00f6bbf\u00e9le elnevez\u00e9s\u00e9r\u0151l is, miszerint a v\u00edzkereszt n\u00e9pi elnevez\u00e9s, azon k\u00edv\u00fcl pedig m\u00e9g \u00f6tf\u00e9lek\u00e9ppen eml\u00edtik janu\u00e1r 6-\u00e1t, az \u00e9v els\u0151 katolikus \u00fcnnep\u00e9t. A hivatalos neve: J\u00e9zus Krisztus megkeresztelked\u00e9se, de ismert az epif\u00e1nia, az \u00farjelen\u00e9s, valamint a teof\u00e1nia, vagyis az Istenjelen\u00e9s elnevez\u00e9s is. KGYZE<\/p>\n\n\n\nngg_shortcode_0_placeholder\n","protected":false},"excerpt":{"rendered":"<p>Janu\u00e1r 6-\u00e1n, v\u00edzkereszt \u00fcnnep\u00e9n a g\u00f6r\u00f6gkatolikus templomban szent liturgi\u00e1val indult a nap a Szent Piroska [&hellip;]<\/p>\n","protected":false},"author":1,"featured_media":11537,"comment_status":"closed","ping_status":"closed","sticky":false,"template":"","format":"standard","meta":{"ngg_post_thumbnail":0,"footnotes":""},"categories":[1],"tags":[],"class_list":["post-11517","post","type-post","status-publish","format-standard","has-post-thumbnail","hentry","category-szent-piroska-gorogkatolikus-altalanos-iskola"],"_links":{"self":[{"href":"https:\/\/www.szentpiroskanyiracsad.hu\/index.php?rest_route=\/wp\/v2\/posts\/11517","targetHints":{"allow":["GET"]}}],"collection":[{"href":"https:\/\/www.szentpiroskanyiracsad.hu\/index.php?rest_route=\/wp\/v2\/posts"}],"about":[{"href":"https:\/\/www.szentpiroskanyiracsad.hu\/index.php?rest_route=\/wp\/v2\/types\/post"}],"author":[{"embeddable":true,"href":"https:\/\/www.szentpiroskanyiracsad.hu\/index.php?rest_route=\/wp\/v2\/users\/1"}],"replies":[{"embeddable":true,"href":"https:\/\/www.szentpiroskanyiracsad.hu\/index.php?rest_route=%2Fwp%2Fv2%2Fcomments&post=11517"}],"version-history":[{"count":1,"href":"https:\/\/www.szentpiroskanyiracsad.hu\/index.php?rest_route=\/wp\/v2\/posts\/11517\/revisions"}],"predecessor-version":[{"id":11538,"href":"https:\/\/www.szentpiroskanyiracsad.hu\/index.php?rest_route=\/wp\/v2\/posts\/11517\/revisions\/11538"}],"wp:featuredmedia":[{"embeddable":true,"href":"https:\/\/www.szentpiroskanyiracsad.hu\/index.php?rest_route=\/wp\/v2\/media\/11537"}],"wp:attachment":[{"href":"https:\/\/www.szentpiroskanyiracsad.hu\/index.php?rest_route=%2Fwp%2Fv2%2Fmedia&parent=11517"}],"wp:term":[{"taxonomy":"category","embeddable":true,"href":"https:\/\/www.szentpiroskanyiracsad.hu\/index.php?rest_route=%2Fwp%2Fv2%2Fcategories&post=11517"},{"taxonomy":"post_tag","embeddable":true,"href":"https:\/\/www.szentpiroskanyiracsad.hu\/index.php?rest_route=%2Fwp%2Fv2%2Ftags&post=11517"}],"curies":[{"name":"wp","href":"https:\/\/api.w.org\/{rel}","templated":true}]}}