{"id":11608,"date":"2026-01-05T11:54:00","date_gmt":"2026-01-05T11:54:00","guid":{"rendered":"https:\/\/www.szentpiroskanyiracsad.hu\/?p=11608"},"modified":"2026-01-19T11:55:32","modified_gmt":"2026-01-19T11:55:32","slug":"vizszenteles","status":"publish","type":"post","link":"https:\/\/www.szentpiroskanyiracsad.hu\/?p=11608","title":{"rendered":"V\u00edzszentel\u00e9s"},"content":{"rendered":"\n<p>Az \u00faj esztend\u0151 els\u0151 tan\u00edt\u00e1si napj\u00e1n, a d\u00e9lel\u0151tti lelki percek keret\u00e9ben v\u00edzszentel\u00e9sre ker\u00fclt sor az iskola aul\u00e1j\u00e1ban. A r\u00f6vid szertart\u00e1s ut\u00e1n Elek atya Erdei Zal\u00e1n \u00e9s Csontos P\u00e9ter ministr\u00e1nsok seg\u00edts\u00e9g\u00e9vel megszentelte a tantermeket, irod\u00e1kat, \u00e9s az iskola valamennyi \u00e9p\u00fcletr\u00e9sz\u00e9t. Ezzel k\u00e9rv\u00e9n Isten \u00e1ld\u00e1s\u00e1t a helyre, az ott tanul\u00f3 di\u00e1kok \u00e9s az ott dolgoz\u00f3 feln\u0151ttek \u00e9let\u00e9re, munk\u00e1j\u00e1ra. KGYZE<\/p>\n\n\n\nngg_shortcode_0_placeholder\n\n\n\n<p><\/p>\n","protected":false},"excerpt":{"rendered":"<p>Az \u00faj esztend\u0151 els\u0151 tan\u00edt\u00e1si napj\u00e1n, a d\u00e9lel\u0151tti lelki percek keret\u00e9ben v\u00edzszentel\u00e9sre ker\u00fclt sor az [&hellip;]<\/p>\n","protected":false},"author":1,"featured_media":11609,"comment_status":"closed","ping_status":"closed","sticky":false,"template":"","format":"standard","meta":{"ngg_post_thumbnail":0,"footnotes":""},"categories":[1],"tags":[],"class_list":["post-11608","post","type-post","status-publish","format-standard","has-post-thumbnail","hentry","category-szent-piroska-gorogkatolikus-altalanos-iskola"],"_links":{"self":[{"href":"https:\/\/www.szentpiroskanyiracsad.hu\/index.php?rest_route=\/wp\/v2\/posts\/11608","targetHints":{"allow":["GET"]}}],"collection":[{"href":"https:\/\/www.szentpiroskanyiracsad.hu\/index.php?rest_route=\/wp\/v2\/posts"}],"about":[{"href":"https:\/\/www.szentpiroskanyiracsad.hu\/index.php?rest_route=\/wp\/v2\/types\/post"}],"author":[{"embeddable":true,"href":"https:\/\/www.szentpiroskanyiracsad.hu\/index.php?rest_route=\/wp\/v2\/users\/1"}],"replies":[{"embeddable":true,"href":"https:\/\/www.szentpiroskanyiracsad.hu\/index.php?rest_route=%2Fwp%2Fv2%2Fcomments&post=11608"}],"version-history":[{"count":1,"href":"https:\/\/www.szentpiroskanyiracsad.hu\/index.php?rest_route=\/wp\/v2\/posts\/11608\/revisions"}],"predecessor-version":[{"id":11610,"href":"https:\/\/www.szentpiroskanyiracsad.hu\/index.php?rest_route=\/wp\/v2\/posts\/11608\/revisions\/11610"}],"wp:featuredmedia":[{"embeddable":true,"href":"https:\/\/www.szentpiroskanyiracsad.hu\/index.php?rest_route=\/wp\/v2\/media\/11609"}],"wp:attachment":[{"href":"https:\/\/www.szentpiroskanyiracsad.hu\/index.php?rest_route=%2Fwp%2Fv2%2Fmedia&parent=11608"}],"wp:term":[{"taxonomy":"category","embeddable":true,"href":"https:\/\/www.szentpiroskanyiracsad.hu\/index.php?rest_route=%2Fwp%2Fv2%2Fcategories&post=11608"},{"taxonomy":"post_tag","embeddable":true,"href":"https:\/\/www.szentpiroskanyiracsad.hu\/index.php?rest_route=%2Fwp%2Fv2%2Ftags&post=11608"}],"curies":[{"name":"wp","href":"https:\/\/api.w.org\/{rel}","templated":true}]}}