{"id":11686,"date":"2025-12-19T11:59:00","date_gmt":"2025-12-19T11:59:00","guid":{"rendered":"https:\/\/www.szentpiroskanyiracsad.hu\/?p=11686"},"modified":"2026-01-19T12:03:13","modified_gmt":"2026-01-19T12:03:13","slug":"karacsonyi-musor-3","status":"publish","type":"post","link":"https:\/\/www.szentpiroskanyiracsad.hu\/?p=11686","title":{"rendered":"Kar\u00e1csonyi m\u0171sor"},"content":{"rendered":"\n<p>A kar\u00e1csony el\u0151tti utols\u00f3 tan\u00edt\u00e1si nap els\u0151 k\u00e9t \u00f3r\u00e1j\u00e1ban oszt\u00e1lykeretben hangol\u00f3dtak di\u00e1kjaink az \u00e9v legjobban v\u00e1rt \u00fcnnep\u00e9re. Megaj\u00e1nd\u00e9kozt\u00e1k egym\u00e1st, filmet n\u00e9ztek, \u00e9nekeltek, n\u00e9h\u00e1ny als\u00f3s oszt\u00e1ly pedig k\u00e1nt\u00e1lva, kis gyerty\u00e1kkal j\u00e1rta v\u00e9gig a folyos\u00f3kat. T\u00edz \u00f3r\u00e1t\u00f3l a m\u0171vel\u0151d\u00e9si h\u00e1zban folytat\u00f3dott az \u00fcnnepi k\u00e9sz\u00fclet, ahol Matiln\u00e9 Boll\u00f3k Nikolett tan\u00e1rn\u0151 ismertette a m\u0171sor menet\u00e9t, majd Balogh Istv\u00e1n atya kar\u00e1csonyhoz f\u0171z\u0151d\u0151 gondolatait hallgathatt\u00e1k meg a di\u00e1kok, pedag\u00f3gusok, sz\u00fcl\u0151k, vend\u00e9gek. Arr\u00f3l besz\u00e9lt, hogy a kar\u00e1csony az az \u00fcnnep, amikor Isten emberr\u00e9 lett, ez\u00e1ltal nek\u00fcnk, \u00e9s \u00e9rt\u00fcnk adta mag\u00e1t. T\u00f6rekedj\u00fcnk mi is arra, hogy min\u00e9l t\u00f6bbet adjunk ezen az \u00fcnnepen. Nem els\u0151sorban aj\u00e1nd\u00e9kot, hanem id\u0151t. Sz\u00e1njunk min\u00e9l t\u00f6bb id\u0151t Istennek \u00e9s a csal\u00e1dunknak. Istv\u00e1n atya gondolatai ut\u00e1n l\u00e9lekemel\u0151 kar\u00e1csonyi m\u0171sort l\u00e1thatott a k\u00f6z\u00f6ns\u00e9g a 4. \u00e9vfolyam tanul\u00f3inak el\u0151ad\u00e1s\u00e1ban. Ady Endre Kar\u00e1csonyi rege c\u00edm\u0171 vers\u00e9t k\u00f6vet\u0151en megelevenedett a sz\u00ednpadon annak a t\u00f6bb mint 2000 \u00e9ves betlehemi \u00e9jszak\u00e1nak a t\u00f6rt\u00e9nete, ami minden \u00e9vben arra eml\u00e9keztet minket, hogy Isten emberk\u00e9t j\u00f6tt el k\u00f6z\u00e9nk. A m\u0171sor betan\u00edt\u00e1s\u00e1\u00e9rt \u0150ri Tiborn\u00e9 \u00e9s Br\u00f3di-B\u00e1lega Anna tan\u00e1rn\u0151knek j\u00e1r a k\u00f6sz\u00f6net, a hangos\u00edt\u00e1s\u00e9rt Szlifka Gy\u00f6rgy volt felel\u0151s. A m\u0171sort k\u00f6vet\u0151en Szil\u00e1gyi \u00c1rlen meggy\u00fajtotta iskol\u00e1nk adventi koszor\u00faj\u00e1nak hatodik gyerty\u00e1j\u00e1t, majd Garda L\u00e1szl\u00f3 igazgat\u00f3 \u00far megk\u00f6sz\u00f6nte a gyerekek m\u0171sor\u00e1t, \u00e9s megosztotta \u00fcnnepi gondolatait a tanul\u00f3kkal. Felh\u00edvta a figyelmet t\u00f6bbek k\u00f6z\u00f6tt a kar\u00e1csony \u00fczenet\u00e9re, miszerint az ember szeretetre lett teremtve. Isten szeret benn\u00fcnket, s nek\u00fcnk, embereknek is szeretni kell egym\u00e1st. Ez\u00e9rt legyen dics\u0151s\u00e9g Istennek, \u00e9s b\u00e9kess\u00e9g az emberek k\u00f6z\u00f6tt \u00fagy, mint ahogy az egyik kar\u00e1csonyi \u00e9nek\u00fcnk is hirdeti. Befejez\u00e9sk\u00e9ppen \u00e1ldott kar\u00e1csonyt \u00e9s szeretetteljes \u00fcnnepet k\u00edv\u00e1nt mindenkinek. A m\u0171sor z\u00e1r\u00e1sak\u00e9nt T\u00f3thn\u00e9 Szab\u00f3 Marianna tan\u00e1rn\u0151 vezet\u00e9s\u00e9vel iskol\u00e1nk pedag\u00f3gusai k\u00e9t \u00fcnnepi hangulatot var\u00e1zsl\u00f3 kar\u00e1csonyi \u00e9nekkel lept\u00e9k meg a di\u00e1kokat. KGYZE<\/p>\n\n\n\nngg_shortcode_0_placeholder\n","protected":false},"excerpt":{"rendered":"<p>A kar\u00e1csony el\u0151tti utols\u00f3 tan\u00edt\u00e1si nap els\u0151 k\u00e9t \u00f3r\u00e1j\u00e1ban oszt\u00e1lykeretben hangol\u00f3dtak di\u00e1kjaink az \u00e9v legjobban [&hellip;]<\/p>\n","protected":false},"author":1,"featured_media":11730,"comment_status":"closed","ping_status":"closed","sticky":false,"template":"","format":"standard","meta":{"ngg_post_thumbnail":0,"footnotes":""},"categories":[1],"tags":[],"class_list":["post-11686","post","type-post","status-publish","format-standard","has-post-thumbnail","hentry","category-szent-piroska-gorogkatolikus-altalanos-iskola"],"_links":{"self":[{"href":"https:\/\/www.szentpiroskanyiracsad.hu\/index.php?rest_route=\/wp\/v2\/posts\/11686","targetHints":{"allow":["GET"]}}],"collection":[{"href":"https:\/\/www.szentpiroskanyiracsad.hu\/index.php?rest_route=\/wp\/v2\/posts"}],"about":[{"href":"https:\/\/www.szentpiroskanyiracsad.hu\/index.php?rest_route=\/wp\/v2\/types\/post"}],"author":[{"embeddable":true,"href":"https:\/\/www.szentpiroskanyiracsad.hu\/index.php?rest_route=\/wp\/v2\/users\/1"}],"replies":[{"embeddable":true,"href":"https:\/\/www.szentpiroskanyiracsad.hu\/index.php?rest_route=%2Fwp%2Fv2%2Fcomments&post=11686"}],"version-history":[{"count":1,"href":"https:\/\/www.szentpiroskanyiracsad.hu\/index.php?rest_route=\/wp\/v2\/posts\/11686\/revisions"}],"predecessor-version":[{"id":11731,"href":"https:\/\/www.szentpiroskanyiracsad.hu\/index.php?rest_route=\/wp\/v2\/posts\/11686\/revisions\/11731"}],"wp:featuredmedia":[{"embeddable":true,"href":"https:\/\/www.szentpiroskanyiracsad.hu\/index.php?rest_route=\/wp\/v2\/media\/11730"}],"wp:attachment":[{"href":"https:\/\/www.szentpiroskanyiracsad.hu\/index.php?rest_route=%2Fwp%2Fv2%2Fmedia&parent=11686"}],"wp:term":[{"taxonomy":"category","embeddable":true,"href":"https:\/\/www.szentpiroskanyiracsad.hu\/index.php?rest_route=%2Fwp%2Fv2%2Fcategories&post=11686"},{"taxonomy":"post_tag","embeddable":true,"href":"https:\/\/www.szentpiroskanyiracsad.hu\/index.php?rest_route=%2Fwp%2Fv2%2Ftags&post=11686"}],"curies":[{"name":"wp","href":"https:\/\/api.w.org\/{rel}","templated":true}]}}