{"id":12344,"date":"2026-03-02T06:42:50","date_gmt":"2026-03-02T06:42:50","guid":{"rendered":"https:\/\/www.szentpiroskanyiracsad.hu\/?p=12344"},"modified":"2026-03-02T06:42:52","modified_gmt":"2026-03-02T06:42:52","slug":"erzekenyito-nap-2","status":"publish","type":"post","link":"https:\/\/www.szentpiroskanyiracsad.hu\/?p=12344","title":{"rendered":"\u00c9rz\u00e9keny\u00edt\u0151 nap"},"content":{"rendered":"\n<p>A mai napon az als\u00f3 tagozatosok indultak l\u00e1thatatlan t\u00far\u00e1ra, ahol a vakok \u00e9s gyeng\u00e9nl\u00e1t\u00f3k vil\u00e1g\u00e1ba cs\u00f6ppenve, bek\u00f6t\u00f6tt szemmel l\u00e9pcs\u0151ztek, a tapint\u00e1s, szagl\u00e1s, \u00edzlel\u00e9s \u00e9rz\u00e9kszerv\u00e9t seg\u00edts\u00e9g\u00fcl h\u00edva pr\u00f3b\u00e1ltak boldogulni ebben a k\u00fcl\u00f6nleges kih\u00edv\u00e1sokat rejt\u0151 vil\u00e1gban. A t\u00far\u00e1t, mint mindig, id\u00e9n is Hajdufin\u00e9 Imre \u00c9va tan\u00e1rn\u0151 szervezte t\u00f6retlen lelkesed\u00e9ssel, \u00e9s a 8. a oszt\u00e1ly tanul\u00f3inak lelkes seg\u00edts\u00e9g\u00e9vel. A gyerekeknek z\u00f6lds\u00e9get, gy\u00fcm\u00f6lcs\u00f6t, k\u00fcl\u00f6nb\u00f6z\u0151 anyagfajt\u00e1t kellett felismerni tapint\u00e1ssal, \u00edzlel\u00e9s seg\u00edts\u00e9g\u00e9vel kellett kital\u00e1lni, hogy ropi, kuki, vagy \u00e9ppen keksz az, amibe beleharaptak. A seg\u00edt\u0151 nyolcadikosok nagy figyelemmel, t\u00fcrelemmel vezetgett\u00e9k az als\u00f3s di\u00e1kokat, akik ism\u00e9telten nagyon \u00e9lvezt\u00e9k a k\u00fcl\u00f6nleges t\u00far\u00e1t. KGYZE<\/p>\n\n\n\nngg_shortcode_0_placeholder\n","protected":false},"excerpt":{"rendered":"<p>A mai napon az als\u00f3 tagozatosok indultak l\u00e1thatatlan t\u00far\u00e1ra, ahol a vakok \u00e9s gyeng\u00e9nl\u00e1t\u00f3k vil\u00e1g\u00e1ba [&hellip;]<\/p>\n","protected":false},"author":1,"featured_media":12370,"comment_status":"closed","ping_status":"closed","sticky":false,"template":"","format":"standard","meta":{"ngg_post_thumbnail":0,"footnotes":""},"categories":[1],"tags":[],"class_list":["post-12344","post","type-post","status-publish","format-standard","has-post-thumbnail","hentry","category-szent-piroska-gorogkatolikus-altalanos-iskola"],"_links":{"self":[{"href":"https:\/\/www.szentpiroskanyiracsad.hu\/index.php?rest_route=\/wp\/v2\/posts\/12344","targetHints":{"allow":["GET"]}}],"collection":[{"href":"https:\/\/www.szentpiroskanyiracsad.hu\/index.php?rest_route=\/wp\/v2\/posts"}],"about":[{"href":"https:\/\/www.szentpiroskanyiracsad.hu\/index.php?rest_route=\/wp\/v2\/types\/post"}],"author":[{"embeddable":true,"href":"https:\/\/www.szentpiroskanyiracsad.hu\/index.php?rest_route=\/wp\/v2\/users\/1"}],"replies":[{"embeddable":true,"href":"https:\/\/www.szentpiroskanyiracsad.hu\/index.php?rest_route=%2Fwp%2Fv2%2Fcomments&post=12344"}],"version-history":[{"count":1,"href":"https:\/\/www.szentpiroskanyiracsad.hu\/index.php?rest_route=\/wp\/v2\/posts\/12344\/revisions"}],"predecessor-version":[{"id":12371,"href":"https:\/\/www.szentpiroskanyiracsad.hu\/index.php?rest_route=\/wp\/v2\/posts\/12344\/revisions\/12371"}],"wp:featuredmedia":[{"embeddable":true,"href":"https:\/\/www.szentpiroskanyiracsad.hu\/index.php?rest_route=\/wp\/v2\/media\/12370"}],"wp:attachment":[{"href":"https:\/\/www.szentpiroskanyiracsad.hu\/index.php?rest_route=%2Fwp%2Fv2%2Fmedia&parent=12344"}],"wp:term":[{"taxonomy":"category","embeddable":true,"href":"https:\/\/www.szentpiroskanyiracsad.hu\/index.php?rest_route=%2Fwp%2Fv2%2Fcategories&post=12344"},{"taxonomy":"post_tag","embeddable":true,"href":"https:\/\/www.szentpiroskanyiracsad.hu\/index.php?rest_route=%2Fwp%2Fv2%2Ftags&post=12344"}],"curies":[{"name":"wp","href":"https:\/\/api.w.org\/{rel}","templated":true}]}}