{"id":1548,"date":"2023-03-27T06:31:00","date_gmt":"2023-03-27T06:31:00","guid":{"rendered":"http:\/\/www.szentpiroskanyiracsad.hu\/?p=1548"},"modified":"2023-04-03T06:32:50","modified_gmt":"2023-04-03T06:32:50","slug":"kulondij-es-szinpadi-lehetoseg","status":"publish","type":"post","link":"https:\/\/www.szentpiroskanyiracsad.hu\/?p=1548","title":{"rendered":"K\u00fcl\u00f6nd\u00edj \u00e9s sz\u00ednpadi lehet\u0151s\u00e9g"},"content":{"rendered":"\n<p class=\"has-background-color has-text-color\">M\u00e1rcius 25-\u00e9n, szombaton rendezt\u00e9k meg T\u00e9gl\u00e1son a hagyom\u00e1nyos Babszem Jank\u00f3 mesemond\u00f3 versenyt als\u00f3 tagozatos di\u00e1kok sz\u00e1m\u00e1ra. A sok \u00e9vtizede tart\u00f3 nagyon rangos versenyen az els\u0151 \u00e9vfolyamot Tulip\u00e1n Lujza \u00e9s Suga Bori k\u00e9pviselte, felk\u00e9sz\u00edt\u0151j\u00fck Br\u00f3di-B\u00e1lega Anna volt. A m\u00e1sodik \u00e9vfolyamon Czenty\u00e9n\u00e9 Kerti Judit tan\u00edtv\u00e1nya, Sz\u0151r\u00f6s Petra, \u00e9s Szab\u00f3n\u00e9 B\u00e1lega Ilona di\u00e1kja, Sz\u00fccs H\u00e9di indult. A harmadik \u00e9vfolyamot Matiln\u00e9 Boll\u00f3k Nikolett tan\u00edtv\u00e1nya, <a><\/a>Szem\u00e1n Zara k\u00e9pviselte, aki K\u00fcl\u00f6nd\u00edjban r\u00e9szes\u00fclt. Ezen k\u00edv\u00fcl megh\u00edv\u00e1st kapott a L\u00e1z\u00e1r Ervin egyik mes\u00e9j\u00e9t feldolgoz\u00f3 sz\u00ednpadi alkot\u00e1s egyik szerep\u00e9re is.<\/p>\n\n\n\n<p class=\"has-background-color has-text-color\"><strong>Gratul\u00e1lunk<\/strong> minden r\u00e9sztvev\u0151nek, akik remek\u00fcl teljes\u00edtettek a kem\u00e9ny mez\u0151nyben.<\/p>\n\n\n\n<p class=\"has-background-color has-text-color\"><strong>Gratul\u00e1lunk<\/strong> a felk\u00e9sz\u00edt\u0151nek, \u00e9s szurkolunk a mi kis sz\u00edn\u00e9szpal\u00e1nta jel\u00f6lt\u00fcnknek, Zar\u00e1nak. KGYZE<\/p>\n\n\n\n<figure class=\"wp-block-image size-large\"><img loading=\"lazy\" decoding=\"async\" width=\"1024\" height=\"685\" src=\"https:\/\/www.szentpiroskanyiracsad.hu\/wp-content\/uploads\/2023\/04\/337557199_231001712825922_4082795239279004945_n-1024x685.jpg\" alt=\"\" class=\"wp-image-1549\" srcset=\"https:\/\/www.szentpiroskanyiracsad.hu\/wp-content\/uploads\/2023\/04\/337557199_231001712825922_4082795239279004945_n-1024x685.jpg 1024w, https:\/\/www.szentpiroskanyiracsad.hu\/wp-content\/uploads\/2023\/04\/337557199_231001712825922_4082795239279004945_n-300x201.jpg 300w, https:\/\/www.szentpiroskanyiracsad.hu\/wp-content\/uploads\/2023\/04\/337557199_231001712825922_4082795239279004945_n-768x513.jpg 768w, https:\/\/www.szentpiroskanyiracsad.hu\/wp-content\/uploads\/2023\/04\/337557199_231001712825922_4082795239279004945_n-1536x1027.jpg 1536w, https:\/\/www.szentpiroskanyiracsad.hu\/wp-content\/uploads\/2023\/04\/337557199_231001712825922_4082795239279004945_n.jpg 2048w\" sizes=\"auto, (max-width: 1024px) 100vw, 1024px\" \/><\/figure>\n","protected":false},"excerpt":{"rendered":"<p>M\u00e1rcius 25-\u00e9n, szombaton rendezt\u00e9k meg T\u00e9gl\u00e1son a hagyom\u00e1nyos Babszem Jank\u00f3 mesemond\u00f3 versenyt als\u00f3 tagozatos di\u00e1kok [&hellip;]<\/p>\n","protected":false},"author":1,"featured_media":1550,"comment_status":"closed","ping_status":"closed","sticky":false,"template":"","format":"standard","meta":{"ngg_post_thumbnail":0,"footnotes":""},"categories":[1],"tags":[],"class_list":["post-1548","post","type-post","status-publish","format-standard","has-post-thumbnail","hentry","category-szent-piroska-gorogkatolikus-altalanos-iskola"],"_links":{"self":[{"href":"https:\/\/www.szentpiroskanyiracsad.hu\/index.php?rest_route=\/wp\/v2\/posts\/1548","targetHints":{"allow":["GET"]}}],"collection":[{"href":"https:\/\/www.szentpiroskanyiracsad.hu\/index.php?rest_route=\/wp\/v2\/posts"}],"about":[{"href":"https:\/\/www.szentpiroskanyiracsad.hu\/index.php?rest_route=\/wp\/v2\/types\/post"}],"author":[{"embeddable":true,"href":"https:\/\/www.szentpiroskanyiracsad.hu\/index.php?rest_route=\/wp\/v2\/users\/1"}],"replies":[{"embeddable":true,"href":"https:\/\/www.szentpiroskanyiracsad.hu\/index.php?rest_route=%2Fwp%2Fv2%2Fcomments&post=1548"}],"version-history":[{"count":1,"href":"https:\/\/www.szentpiroskanyiracsad.hu\/index.php?rest_route=\/wp\/v2\/posts\/1548\/revisions"}],"predecessor-version":[{"id":1551,"href":"https:\/\/www.szentpiroskanyiracsad.hu\/index.php?rest_route=\/wp\/v2\/posts\/1548\/revisions\/1551"}],"wp:featuredmedia":[{"embeddable":true,"href":"https:\/\/www.szentpiroskanyiracsad.hu\/index.php?rest_route=\/wp\/v2\/media\/1550"}],"wp:attachment":[{"href":"https:\/\/www.szentpiroskanyiracsad.hu\/index.php?rest_route=%2Fwp%2Fv2%2Fmedia&parent=1548"}],"wp:term":[{"taxonomy":"category","embeddable":true,"href":"https:\/\/www.szentpiroskanyiracsad.hu\/index.php?rest_route=%2Fwp%2Fv2%2Fcategories&post=1548"},{"taxonomy":"post_tag","embeddable":true,"href":"https:\/\/www.szentpiroskanyiracsad.hu\/index.php?rest_route=%2Fwp%2Fv2%2Ftags&post=1548"}],"curies":[{"name":"wp","href":"https:\/\/api.w.org\/{rel}","templated":true}]}}