{"id":1706,"date":"2023-04-04T06:09:00","date_gmt":"2023-04-04T06:09:00","guid":{"rendered":"http:\/\/www.szentpiroskanyiracsad.hu\/?p=1706"},"modified":"2023-04-12T06:11:04","modified_gmt":"2023-04-12T06:11:04","slug":"junior-origo","status":"publish","type":"post","link":"https:\/\/www.szentpiroskanyiracsad.hu\/?p=1706","title":{"rendered":"Junior Origo"},"content":{"rendered":"\n<p class=\"has-background-color has-text-color\">Iskol\u00e1nk hatodik, hetedik oszt\u00e1lyos tanul\u00f3i k\u00f6z\u00fcl a Debreceni Nyelviskola szervez\u00e9s\u00e9ben 19 \u2013 en t\u00f6lt\u00f6tt\u00e9k ki a Junior Origo \u00edr\u00e1sbeli pr\u00f3ba nyelvvizsga tesztj\u00e9t. A teszt val\u00f3di vizsgateszt volt, a \u201epr\u00f3ba\u201d jelz\u0151 jelen esetben azt jelenti, hogy nem kellett \u00e9rte fizetni. A legjobb eredm\u00e9nyt Varga Panni 7.a oszt\u00e1lyos tanul\u00f3 \u00e9rte el. M\u00e1sodik lett Sz\u0171cs Martin (6. b), a harmadik helyen Br\u00f3di Berta v\u00e9gzett (6. a). Valamennyi di\u00e1k aj\u00e1nd\u00e9k p\u00f3l\u00f3t kapott, a legt\u00f6bb sz\u00e1zal\u00e9kot el\u00e9rt <a><\/a>tanul\u00f3, Varga Panni pedig 50%-os vizsgad\u00edj kedvezm\u00e9nyben r\u00e9szes\u00fcl, amennyiben v\u00e1llalkozik az \u201e\u00e9les\u201d vizsg\u00e1ra. Persze, hogy v\u00e1llalkozik! Hajr\u00e1 Panni!<\/p>\n\n\n\n<p class=\"has-background-color has-text-color\"><strong>Gratul\u00e1lunk<\/strong> minden r\u00e9sztvev\u0151 di\u00e1knak. A helyi vizsg\u00e1t Ill\u00e9s Gabriella szervezte. (Fot\u00f3: Ill\u00e9s Gabriella, Demeter \u00c1gnes) KGYZE<\/p>\n\n\n\n<figure class=\"wp-block-gallery has-nested-images columns-default is-cropped wp-block-gallery-1 is-layout-flex wp-block-gallery-is-layout-flex\">\n<figure class=\"wp-block-image size-large\"><img loading=\"lazy\" decoding=\"async\" width=\"640\" height=\"480\" data-id=\"1707\" src=\"https:\/\/www.szentpiroskanyiracsad.hu\/wp-content\/uploads\/2023\/04\/339093507_1340224023222247_3363127539211266905_n.jpg\" alt=\"\" class=\"wp-image-1707\" srcset=\"https:\/\/www.szentpiroskanyiracsad.hu\/wp-content\/uploads\/2023\/04\/339093507_1340224023222247_3363127539211266905_n.jpg 640w, https:\/\/www.szentpiroskanyiracsad.hu\/wp-content\/uploads\/2023\/04\/339093507_1340224023222247_3363127539211266905_n-300x225.jpg 300w\" sizes=\"auto, (max-width: 640px) 100vw, 640px\" \/><\/figure>\n\n\n\n<figure class=\"wp-block-image size-large\"><img loading=\"lazy\" decoding=\"async\" width=\"1024\" height=\"768\" data-id=\"1709\" src=\"https:\/\/www.szentpiroskanyiracsad.hu\/wp-content\/uploads\/2023\/04\/339583240_166282436324068_70035634836232470_n-1024x768.jpg\" alt=\"\" class=\"wp-image-1709\" srcset=\"https:\/\/www.szentpiroskanyiracsad.hu\/wp-content\/uploads\/2023\/04\/339583240_166282436324068_70035634836232470_n-1024x768.jpg 1024w, https:\/\/www.szentpiroskanyiracsad.hu\/wp-content\/uploads\/2023\/04\/339583240_166282436324068_70035634836232470_n-300x225.jpg 300w, https:\/\/www.szentpiroskanyiracsad.hu\/wp-content\/uploads\/2023\/04\/339583240_166282436324068_70035634836232470_n-768x576.jpg 768w, https:\/\/www.szentpiroskanyiracsad.hu\/wp-content\/uploads\/2023\/04\/339583240_166282436324068_70035634836232470_n-1536x1152.jpg 1536w, https:\/\/www.szentpiroskanyiracsad.hu\/wp-content\/uploads\/2023\/04\/339583240_166282436324068_70035634836232470_n.jpg 2048w\" sizes=\"auto, (max-width: 1024px) 100vw, 1024px\" \/><\/figure>\n\n\n\n<figure class=\"wp-block-image size-large\"><img loading=\"lazy\" decoding=\"async\" width=\"1024\" height=\"768\" data-id=\"1710\" src=\"https:\/\/www.szentpiroskanyiracsad.hu\/wp-content\/uploads\/2023\/04\/339663334_775192787274440_220681590767775582_n-1024x768.jpg\" alt=\"\" class=\"wp-image-1710\" srcset=\"https:\/\/www.szentpiroskanyiracsad.hu\/wp-content\/uploads\/2023\/04\/339663334_775192787274440_220681590767775582_n-1024x768.jpg 1024w, https:\/\/www.szentpiroskanyiracsad.hu\/wp-content\/uploads\/2023\/04\/339663334_775192787274440_220681590767775582_n-300x225.jpg 300w, https:\/\/www.szentpiroskanyiracsad.hu\/wp-content\/uploads\/2023\/04\/339663334_775192787274440_220681590767775582_n-768x576.jpg 768w, https:\/\/www.szentpiroskanyiracsad.hu\/wp-content\/uploads\/2023\/04\/339663334_775192787274440_220681590767775582_n-1536x1152.jpg 1536w, https:\/\/www.szentpiroskanyiracsad.hu\/wp-content\/uploads\/2023\/04\/339663334_775192787274440_220681590767775582_n.jpg 2048w\" sizes=\"auto, (max-width: 1024px) 100vw, 1024px\" \/><\/figure>\n\n\n\n<figure class=\"wp-block-image size-large\"><img loading=\"lazy\" decoding=\"async\" width=\"640\" height=\"480\" data-id=\"1708\" src=\"https:\/\/www.szentpiroskanyiracsad.hu\/wp-content\/uploads\/2023\/04\/339966970_965558381251058_3621942700302544341_n.jpg\" alt=\"\" class=\"wp-image-1708\" srcset=\"https:\/\/www.szentpiroskanyiracsad.hu\/wp-content\/uploads\/2023\/04\/339966970_965558381251058_3621942700302544341_n.jpg 640w, https:\/\/www.szentpiroskanyiracsad.hu\/wp-content\/uploads\/2023\/04\/339966970_965558381251058_3621942700302544341_n-300x225.jpg 300w\" sizes=\"auto, (max-width: 640px) 100vw, 640px\" \/><\/figure>\n<\/figure>\n","protected":false},"excerpt":{"rendered":"<p>Iskol\u00e1nk hatodik, hetedik oszt\u00e1lyos tanul\u00f3i k\u00f6z\u00fcl a Debreceni Nyelviskola szervez\u00e9s\u00e9ben 19 \u2013 en t\u00f6lt\u00f6tt\u00e9k ki [&hellip;]<\/p>\n","protected":false},"author":1,"featured_media":1711,"comment_status":"closed","ping_status":"closed","sticky":false,"template":"","format":"standard","meta":{"ngg_post_thumbnail":0,"footnotes":""},"categories":[1],"tags":[],"class_list":["post-1706","post","type-post","status-publish","format-standard","has-post-thumbnail","hentry","category-szent-piroska-gorogkatolikus-altalanos-iskola"],"_links":{"self":[{"href":"https:\/\/www.szentpiroskanyiracsad.hu\/index.php?rest_route=\/wp\/v2\/posts\/1706","targetHints":{"allow":["GET"]}}],"collection":[{"href":"https:\/\/www.szentpiroskanyiracsad.hu\/index.php?rest_route=\/wp\/v2\/posts"}],"about":[{"href":"https:\/\/www.szentpiroskanyiracsad.hu\/index.php?rest_route=\/wp\/v2\/types\/post"}],"author":[{"embeddable":true,"href":"https:\/\/www.szentpiroskanyiracsad.hu\/index.php?rest_route=\/wp\/v2\/users\/1"}],"replies":[{"embeddable":true,"href":"https:\/\/www.szentpiroskanyiracsad.hu\/index.php?rest_route=%2Fwp%2Fv2%2Fcomments&post=1706"}],"version-history":[{"count":1,"href":"https:\/\/www.szentpiroskanyiracsad.hu\/index.php?rest_route=\/wp\/v2\/posts\/1706\/revisions"}],"predecessor-version":[{"id":1712,"href":"https:\/\/www.szentpiroskanyiracsad.hu\/index.php?rest_route=\/wp\/v2\/posts\/1706\/revisions\/1712"}],"wp:featuredmedia":[{"embeddable":true,"href":"https:\/\/www.szentpiroskanyiracsad.hu\/index.php?rest_route=\/wp\/v2\/media\/1711"}],"wp:attachment":[{"href":"https:\/\/www.szentpiroskanyiracsad.hu\/index.php?rest_route=%2Fwp%2Fv2%2Fmedia&parent=1706"}],"wp:term":[{"taxonomy":"category","embeddable":true,"href":"https:\/\/www.szentpiroskanyiracsad.hu\/index.php?rest_route=%2Fwp%2Fv2%2Fcategories&post=1706"},{"taxonomy":"post_tag","embeddable":true,"href":"https:\/\/www.szentpiroskanyiracsad.hu\/index.php?rest_route=%2Fwp%2Fv2%2Ftags&post=1706"}],"curies":[{"name":"wp","href":"https:\/\/api.w.org\/{rel}","templated":true}]}}