{"id":1878,"date":"2023-05-03T05:56:45","date_gmt":"2023-05-03T05:56:45","guid":{"rendered":"http:\/\/www.szentpiroskanyiracsad.hu\/?p=1878"},"modified":"2023-05-03T05:56:46","modified_gmt":"2023-05-03T05:56:46","slug":"a-negyszogletu-kerekerdo","status":"publish","type":"post","link":"https:\/\/www.szentpiroskanyiracsad.hu\/?p=1878","title":{"rendered":"A N\u00e9gysz\u00f6glet\u0171 Kerekerd\u0151"},"content":{"rendered":"\n<p class=\"has-background-color has-text-color\">Iskol\u00e1nk k\u00e9t tanul\u00f3ja is szerepelt abban a gyermek sz\u00edndarabban, melynek forgat\u00f3k\u00f6nyve L\u00e1z\u00e1r Ervin: A N\u00e9gysz\u00f6glet\u0171 Kerekerd\u0151 c\u00edm\u0171 mes\u00e9je alapj\u00e1n k\u00e9sz\u00fclt. Szem\u00e1n Zara 3. a oszt\u00e1lyos tanul\u00f3nk tehets\u00e9g\u00e9re a nemr\u00e9giben megrendezett Babszem Jank\u00f3 mesemond\u00f3 versenyen figyelt fel V\u00e1rhidi Attila rendez\u0151. A Vacskamati vir\u00e1gai c\u00edm\u0171 sz\u00edndarabhoz menet k\u00f6zben csatlakozott Zara testv\u00e9re, Amira is. \u00c1prilis 29-\u00e9n ker\u00fclt sor a XXXII. We\u00f6res S\u00e1ndor Orsz\u00e1gos Gyermeksz\u00ednj\u00e1tsz\u00f3 Tal\u00e1lkoz\u00f3ra <a><\/a>Hajd\u00fan\u00e1n\u00e1son, ahol az Alf\u00f6ld Gyermeksz\u00ednpaddal mutatt\u00e1k be a darabot. Hatalmas siker \u00e9s arany min\u0151s\u00edt\u00e9s lett a jutalmuk.<\/p>\n\n\n\n<p class=\"has-background-color has-text-color\"><strong>Gratul\u00e1lunk<\/strong> l\u00e1nyok! V\u00e1rjuk a folytat\u00e1st. KGYZE<\/p>\n\n\n\n<figure class=\"wp-block-gallery has-nested-images columns-default is-cropped wp-block-gallery-1 is-layout-flex wp-block-gallery-is-layout-flex\">\n<figure class=\"wp-block-image size-large\"><img loading=\"lazy\" decoding=\"async\" width=\"768\" height=\"1024\" data-id=\"1881\" src=\"https:\/\/www.szentpiroskanyiracsad.hu\/wp-content\/uploads\/2023\/05\/344751909_252887173965455_4864048393644547350_n-768x1024.jpg\" alt=\"\" class=\"wp-image-1881\" srcset=\"https:\/\/www.szentpiroskanyiracsad.hu\/wp-content\/uploads\/2023\/05\/344751909_252887173965455_4864048393644547350_n-768x1024.jpg 768w, https:\/\/www.szentpiroskanyiracsad.hu\/wp-content\/uploads\/2023\/05\/344751909_252887173965455_4864048393644547350_n-225x300.jpg 225w, https:\/\/www.szentpiroskanyiracsad.hu\/wp-content\/uploads\/2023\/05\/344751909_252887173965455_4864048393644547350_n-1152x1536.jpg 1152w, https:\/\/www.szentpiroskanyiracsad.hu\/wp-content\/uploads\/2023\/05\/344751909_252887173965455_4864048393644547350_n.jpg 1536w\" sizes=\"auto, (max-width: 768px) 100vw, 768px\" \/><\/figure>\n\n\n\n<figure class=\"wp-block-image size-large\"><img loading=\"lazy\" decoding=\"async\" width=\"768\" height=\"1024\" data-id=\"1880\" src=\"https:\/\/www.szentpiroskanyiracsad.hu\/wp-content\/uploads\/2023\/05\/344768395_281330414228462_7282286721810339191_n-768x1024.jpg\" alt=\"\" class=\"wp-image-1880\" srcset=\"https:\/\/www.szentpiroskanyiracsad.hu\/wp-content\/uploads\/2023\/05\/344768395_281330414228462_7282286721810339191_n-768x1024.jpg 768w, https:\/\/www.szentpiroskanyiracsad.hu\/wp-content\/uploads\/2023\/05\/344768395_281330414228462_7282286721810339191_n-225x300.jpg 225w, https:\/\/www.szentpiroskanyiracsad.hu\/wp-content\/uploads\/2023\/05\/344768395_281330414228462_7282286721810339191_n-1152x1536.jpg 1152w, https:\/\/www.szentpiroskanyiracsad.hu\/wp-content\/uploads\/2023\/05\/344768395_281330414228462_7282286721810339191_n.jpg 1536w\" sizes=\"auto, (max-width: 768px) 100vw, 768px\" \/><\/figure>\n\n\n\n<figure class=\"wp-block-image size-large\"><img loading=\"lazy\" decoding=\"async\" width=\"1024\" height=\"462\" data-id=\"1879\" src=\"https:\/\/www.szentpiroskanyiracsad.hu\/wp-content\/uploads\/2023\/05\/344812119_961802494819205_7811605286201727488_n-1024x462.jpg\" alt=\"\" class=\"wp-image-1879\" srcset=\"https:\/\/www.szentpiroskanyiracsad.hu\/wp-content\/uploads\/2023\/05\/344812119_961802494819205_7811605286201727488_n-1024x462.jpg 1024w, https:\/\/www.szentpiroskanyiracsad.hu\/wp-content\/uploads\/2023\/05\/344812119_961802494819205_7811605286201727488_n-300x135.jpg 300w, https:\/\/www.szentpiroskanyiracsad.hu\/wp-content\/uploads\/2023\/05\/344812119_961802494819205_7811605286201727488_n-768x346.jpg 768w, https:\/\/www.szentpiroskanyiracsad.hu\/wp-content\/uploads\/2023\/05\/344812119_961802494819205_7811605286201727488_n-1536x693.jpg 1536w, https:\/\/www.szentpiroskanyiracsad.hu\/wp-content\/uploads\/2023\/05\/344812119_961802494819205_7811605286201727488_n.jpg 1734w\" sizes=\"auto, (max-width: 1024px) 100vw, 1024px\" \/><\/figure>\n<\/figure>\n","protected":false},"excerpt":{"rendered":"<p>Iskol\u00e1nk k\u00e9t tanul\u00f3ja is szerepelt abban a gyermek sz\u00edndarabban, melynek forgat\u00f3k\u00f6nyve L\u00e1z\u00e1r Ervin: A N\u00e9gysz\u00f6glet\u0171 [&hellip;]<\/p>\n","protected":false},"author":1,"featured_media":1882,"comment_status":"closed","ping_status":"closed","sticky":false,"template":"","format":"standard","meta":{"ngg_post_thumbnail":0,"footnotes":""},"categories":[1],"tags":[],"class_list":["post-1878","post","type-post","status-publish","format-standard","has-post-thumbnail","hentry","category-szent-piroska-gorogkatolikus-altalanos-iskola"],"_links":{"self":[{"href":"https:\/\/www.szentpiroskanyiracsad.hu\/index.php?rest_route=\/wp\/v2\/posts\/1878","targetHints":{"allow":["GET"]}}],"collection":[{"href":"https:\/\/www.szentpiroskanyiracsad.hu\/index.php?rest_route=\/wp\/v2\/posts"}],"about":[{"href":"https:\/\/www.szentpiroskanyiracsad.hu\/index.php?rest_route=\/wp\/v2\/types\/post"}],"author":[{"embeddable":true,"href":"https:\/\/www.szentpiroskanyiracsad.hu\/index.php?rest_route=\/wp\/v2\/users\/1"}],"replies":[{"embeddable":true,"href":"https:\/\/www.szentpiroskanyiracsad.hu\/index.php?rest_route=%2Fwp%2Fv2%2Fcomments&post=1878"}],"version-history":[{"count":1,"href":"https:\/\/www.szentpiroskanyiracsad.hu\/index.php?rest_route=\/wp\/v2\/posts\/1878\/revisions"}],"predecessor-version":[{"id":1883,"href":"https:\/\/www.szentpiroskanyiracsad.hu\/index.php?rest_route=\/wp\/v2\/posts\/1878\/revisions\/1883"}],"wp:featuredmedia":[{"embeddable":true,"href":"https:\/\/www.szentpiroskanyiracsad.hu\/index.php?rest_route=\/wp\/v2\/media\/1882"}],"wp:attachment":[{"href":"https:\/\/www.szentpiroskanyiracsad.hu\/index.php?rest_route=%2Fwp%2Fv2%2Fmedia&parent=1878"}],"wp:term":[{"taxonomy":"category","embeddable":true,"href":"https:\/\/www.szentpiroskanyiracsad.hu\/index.php?rest_route=%2Fwp%2Fv2%2Fcategories&post=1878"},{"taxonomy":"post_tag","embeddable":true,"href":"https:\/\/www.szentpiroskanyiracsad.hu\/index.php?rest_route=%2Fwp%2Fv2%2Ftags&post=1878"}],"curies":[{"name":"wp","href":"https:\/\/api.w.org\/{rel}","templated":true}]}}