{"id":1928,"date":"2023-05-05T05:38:00","date_gmt":"2023-05-05T05:38:00","guid":{"rendered":"http:\/\/www.szentpiroskanyiracsad.hu\/?p=1928"},"modified":"2023-05-09T05:39:17","modified_gmt":"2023-05-09T05:39:17","slug":"programhet","status":"publish","type":"post","link":"https:\/\/www.szentpiroskanyiracsad.hu\/?p=1928","title":{"rendered":"Programh\u00e9t"},"content":{"rendered":"\n<p class=\"has-background-color has-text-color\">A fenntarthat\u00f3s\u00e1g \u00e9s tudatos v\u00e1s\u00e1rl\u00e1s programh\u00e9t tematik\u00e1j\u00e1t k\u00f6vetve a h\u00e9ten a fels\u0151 tagozatosok csoportjai vet\u00e9lkedhettek. Menetleveleket kaptak a csapatok, a kiadott k\u00e9rd\u00e9sekre a v\u00e1laszokat a folyos\u00f3kon, a t\u00e9m\u00e1hoz kapcsol\u00f3d\u00f3an elhelyezett plak\u00e1tok, valamint a k\u00f6z\u00f6sen megtekintett film seg\u00edts\u00e9g\u00e9vel tal\u00e1lhatt\u00e1k meg. Az a csapat lesz a gy\u0151ztes, amelyiknek a legt\u00f6bb pet\u00e1kot siker\u00fcl \u00f6sszegy\u0171jteni. A programot, mely a k\u00f6vetkez\u0151 h\u00e9ten a pet\u00e1kok elk\u00f6lt\u00e9s\u00e9vel folytat\u00f3dik, T\u00f3th Elekn\u00e9 \u00e9s Marozs\u00e1n Tiborn\u00e9 szervezte. KGYZE<\/p>\n\n\n\n<figure class=\"wp-block-image size-large\"><img loading=\"lazy\" decoding=\"async\" width=\"1024\" height=\"685\" src=\"https:\/\/www.szentpiroskanyiracsad.hu\/wp-content\/uploads\/2023\/05\/345159874_675710117896984_8646791938378505090_n-1024x685.jpg\" alt=\"\" class=\"wp-image-1929\" srcset=\"https:\/\/www.szentpiroskanyiracsad.hu\/wp-content\/uploads\/2023\/05\/345159874_675710117896984_8646791938378505090_n-1024x685.jpg 1024w, https:\/\/www.szentpiroskanyiracsad.hu\/wp-content\/uploads\/2023\/05\/345159874_675710117896984_8646791938378505090_n-300x201.jpg 300w, https:\/\/www.szentpiroskanyiracsad.hu\/wp-content\/uploads\/2023\/05\/345159874_675710117896984_8646791938378505090_n-768x513.jpg 768w, https:\/\/www.szentpiroskanyiracsad.hu\/wp-content\/uploads\/2023\/05\/345159874_675710117896984_8646791938378505090_n-1536x1027.jpg 1536w, https:\/\/www.szentpiroskanyiracsad.hu\/wp-content\/uploads\/2023\/05\/345159874_675710117896984_8646791938378505090_n.jpg 2048w\" sizes=\"auto, (max-width: 1024px) 100vw, 1024px\" \/><\/figure>\n","protected":false},"excerpt":{"rendered":"<p>A fenntarthat\u00f3s\u00e1g \u00e9s tudatos v\u00e1s\u00e1rl\u00e1s programh\u00e9t tematik\u00e1j\u00e1t k\u00f6vetve a h\u00e9ten a fels\u0151 tagozatosok csoportjai vet\u00e9lkedhettek. [&hellip;]<\/p>\n","protected":false},"author":1,"featured_media":1930,"comment_status":"closed","ping_status":"closed","sticky":false,"template":"","format":"standard","meta":{"ngg_post_thumbnail":0,"footnotes":""},"categories":[1],"tags":[],"class_list":["post-1928","post","type-post","status-publish","format-standard","has-post-thumbnail","hentry","category-szent-piroska-gorogkatolikus-altalanos-iskola"],"_links":{"self":[{"href":"https:\/\/www.szentpiroskanyiracsad.hu\/index.php?rest_route=\/wp\/v2\/posts\/1928","targetHints":{"allow":["GET"]}}],"collection":[{"href":"https:\/\/www.szentpiroskanyiracsad.hu\/index.php?rest_route=\/wp\/v2\/posts"}],"about":[{"href":"https:\/\/www.szentpiroskanyiracsad.hu\/index.php?rest_route=\/wp\/v2\/types\/post"}],"author":[{"embeddable":true,"href":"https:\/\/www.szentpiroskanyiracsad.hu\/index.php?rest_route=\/wp\/v2\/users\/1"}],"replies":[{"embeddable":true,"href":"https:\/\/www.szentpiroskanyiracsad.hu\/index.php?rest_route=%2Fwp%2Fv2%2Fcomments&post=1928"}],"version-history":[{"count":1,"href":"https:\/\/www.szentpiroskanyiracsad.hu\/index.php?rest_route=\/wp\/v2\/posts\/1928\/revisions"}],"predecessor-version":[{"id":1931,"href":"https:\/\/www.szentpiroskanyiracsad.hu\/index.php?rest_route=\/wp\/v2\/posts\/1928\/revisions\/1931"}],"wp:featuredmedia":[{"embeddable":true,"href":"https:\/\/www.szentpiroskanyiracsad.hu\/index.php?rest_route=\/wp\/v2\/media\/1930"}],"wp:attachment":[{"href":"https:\/\/www.szentpiroskanyiracsad.hu\/index.php?rest_route=%2Fwp%2Fv2%2Fmedia&parent=1928"}],"wp:term":[{"taxonomy":"category","embeddable":true,"href":"https:\/\/www.szentpiroskanyiracsad.hu\/index.php?rest_route=%2Fwp%2Fv2%2Fcategories&post=1928"},{"taxonomy":"post_tag","embeddable":true,"href":"https:\/\/www.szentpiroskanyiracsad.hu\/index.php?rest_route=%2Fwp%2Fv2%2Ftags&post=1928"}],"curies":[{"name":"wp","href":"https:\/\/api.w.org\/{rel}","templated":true}]}}