{"id":2063,"date":"2023-05-15T09:39:00","date_gmt":"2023-05-15T09:39:00","guid":{"rendered":"http:\/\/www.szentpiroskanyiracsad.hu\/?p=2063"},"modified":"2023-05-16T09:40:49","modified_gmt":"2023-05-16T09:40:49","slug":"szurikata-alapitvany","status":"publish","type":"post","link":"https:\/\/www.szentpiroskanyiracsad.hu\/?p=2063","title":{"rendered":"Szurik\u00e1ta Alap\u00edtv\u00e1ny"},"content":{"rendered":"\n<p class=\"has-background-color has-text-color\">A Szurik\u00e1ta Alap\u00edtv\u00e1ny a Diab\u00e9teszes Gyermekek\u00e9rt Var\u00e1zsp\u00e1lca D\u00edj elismer\u00e9st adom\u00e1nyozott iskol\u00e1nknak nagyrabecs\u00fcl\u00e9s\u00e9nek kifejez\u00e9s\u00e9\u00e9rt a r\u00e1b\u00edzott diab\u00e9teszes gyermek p\u00e9lda\u00e9rt\u00e9k\u0171 gondoz\u00e1s\u00e1nak elismer\u00e9sek\u00e9nt. K\u00f6v\u00e9r Marcell 4. b oszt\u00e1lyos tanul\u00f3 els\u0151 oszt\u00e1lyos kora \u00f3ta diab\u00e9teszes. Iskol\u00e1nk Gyulah\u00e1zi Nagy M\u00e1ria szem\u00e9ly\u00e9ben szakembert k\u00e9pezett ki a diab\u00e9teszes gyermekek gondoz\u00e1s\u00e1ra. A d\u00edjra Marcell \u00e9desanyja, Harangi Ibolya jel\u00f6lte iskol\u00e1nkat. Ezzel is h\u00e1l\u00e1j\u00e1t fejezte ki, hogy az <a><\/a>\u00e9rintett dolgoz\u00f3k: az int\u00e9zm\u00e9nyvezet\u0151, az oszt\u00e1lyf\u0151n\u00f6k, a tan\u00e1rok, a konyhai dolgoz\u00f3k, az \u00e9lelmez\u00e9svezet\u0151 maxim\u00e1lis t\u00e1mogat\u00e1sban r\u00e9szes\u00edtett\u00e9k a csal\u00e1dot, hogy Marci maradhasson megszokott iskol\u00e1j\u00e1ban, oszt\u00e1lyk\u00f6z\u00f6ss\u00e9g\u00e9ben, \u00e9s b\u00e1r kompromisszumokkal, de vel\u00fck egy\u00fctt teljes \u00e9letet \u00e9lhessen.<\/p>\n\n\n\n<p class=\"has-background-color has-text-color\">A d\u00edjat m\u00e1jus 14-\u00e9n, vas\u00e1rnap vette \u00e1t a csal\u00e1d, valamint Garda L\u00e1szl\u00f3 int\u00e9zm\u00e9nyvezet\u0151 \u00e9s Gyulah\u00e1zi-Nagy M\u00e1ria az alap\u00edtv\u00e1ny f\u0151v\u00e1rosi k\u00f6zpontj\u00e1ban. KGYZE<\/p>\n\n\n\n<figure class=\"wp-block-image size-large\"><img loading=\"lazy\" decoding=\"async\" width=\"1024\" height=\"768\" src=\"https:\/\/www.szentpiroskanyiracsad.hu\/wp-content\/uploads\/2023\/05\/347396579_640561840743590_5671159683301296230_n-1-1024x768.jpg\" alt=\"\" class=\"wp-image-2066\" srcset=\"https:\/\/www.szentpiroskanyiracsad.hu\/wp-content\/uploads\/2023\/05\/347396579_640561840743590_5671159683301296230_n-1-1024x768.jpg 1024w, https:\/\/www.szentpiroskanyiracsad.hu\/wp-content\/uploads\/2023\/05\/347396579_640561840743590_5671159683301296230_n-1-300x225.jpg 300w, https:\/\/www.szentpiroskanyiracsad.hu\/wp-content\/uploads\/2023\/05\/347396579_640561840743590_5671159683301296230_n-1-768x576.jpg 768w, https:\/\/www.szentpiroskanyiracsad.hu\/wp-content\/uploads\/2023\/05\/347396579_640561840743590_5671159683301296230_n-1-1536x1152.jpg 1536w, https:\/\/www.szentpiroskanyiracsad.hu\/wp-content\/uploads\/2023\/05\/347396579_640561840743590_5671159683301296230_n-1.jpg 2048w\" sizes=\"auto, (max-width: 1024px) 100vw, 1024px\" \/><\/figure>\n","protected":false},"excerpt":{"rendered":"<p>A Szurik\u00e1ta Alap\u00edtv\u00e1ny a Diab\u00e9teszes Gyermekek\u00e9rt Var\u00e1zsp\u00e1lca D\u00edj elismer\u00e9st adom\u00e1nyozott iskol\u00e1nknak nagyrabecs\u00fcl\u00e9s\u00e9nek kifejez\u00e9s\u00e9\u00e9rt a r\u00e1b\u00edzott [&hellip;]<\/p>\n","protected":false},"author":1,"featured_media":2064,"comment_status":"closed","ping_status":"closed","sticky":false,"template":"","format":"standard","meta":{"ngg_post_thumbnail":0,"footnotes":""},"categories":[1],"tags":[],"class_list":["post-2063","post","type-post","status-publish","format-standard","has-post-thumbnail","hentry","category-szent-piroska-gorogkatolikus-altalanos-iskola"],"_links":{"self":[{"href":"https:\/\/www.szentpiroskanyiracsad.hu\/index.php?rest_route=\/wp\/v2\/posts\/2063","targetHints":{"allow":["GET"]}}],"collection":[{"href":"https:\/\/www.szentpiroskanyiracsad.hu\/index.php?rest_route=\/wp\/v2\/posts"}],"about":[{"href":"https:\/\/www.szentpiroskanyiracsad.hu\/index.php?rest_route=\/wp\/v2\/types\/post"}],"author":[{"embeddable":true,"href":"https:\/\/www.szentpiroskanyiracsad.hu\/index.php?rest_route=\/wp\/v2\/users\/1"}],"replies":[{"embeddable":true,"href":"https:\/\/www.szentpiroskanyiracsad.hu\/index.php?rest_route=%2Fwp%2Fv2%2Fcomments&post=2063"}],"version-history":[{"count":1,"href":"https:\/\/www.szentpiroskanyiracsad.hu\/index.php?rest_route=\/wp\/v2\/posts\/2063\/revisions"}],"predecessor-version":[{"id":2067,"href":"https:\/\/www.szentpiroskanyiracsad.hu\/index.php?rest_route=\/wp\/v2\/posts\/2063\/revisions\/2067"}],"wp:featuredmedia":[{"embeddable":true,"href":"https:\/\/www.szentpiroskanyiracsad.hu\/index.php?rest_route=\/wp\/v2\/media\/2064"}],"wp:attachment":[{"href":"https:\/\/www.szentpiroskanyiracsad.hu\/index.php?rest_route=%2Fwp%2Fv2%2Fmedia&parent=2063"}],"wp:term":[{"taxonomy":"category","embeddable":true,"href":"https:\/\/www.szentpiroskanyiracsad.hu\/index.php?rest_route=%2Fwp%2Fv2%2Fcategories&post=2063"},{"taxonomy":"post_tag","embeddable":true,"href":"https:\/\/www.szentpiroskanyiracsad.hu\/index.php?rest_route=%2Fwp%2Fv2%2Ftags&post=2063"}],"curies":[{"name":"wp","href":"https:\/\/api.w.org\/{rel}","templated":true}]}}