{"id":2117,"date":"2023-05-16T07:47:00","date_gmt":"2023-05-16T07:47:00","guid":{"rendered":"http:\/\/www.szentpiroskanyiracsad.hu\/?p=2117"},"modified":"2023-05-31T07:48:01","modified_gmt":"2023-05-31T07:48:01","slug":"legyel-te-is-petofi","status":"publish","type":"post","link":"https:\/\/www.szentpiroskanyiracsad.hu\/?p=2117","title":{"rendered":"\u201eLegy\u00e9l te is Pet\u0151fi\u201d"},"content":{"rendered":"\n<p class=\"has-background-color has-text-color\">A ny\u00edrlugosi Szent P\u00e9ter \u00e9s P\u00e1l G\u00f6r\u00f6gkatolikus \u00c1ltal\u00e1nos Iskola \u00e1ltal a Pet\u0151fi-\u00e9v alkalm\u00e1b\u00f3l meghirdetett \u201eLegy\u00e9l te is Pet\u0151fi\u201d c\u00edm\u0171 vers\u00edr\u00f3 versenyen Mil\u00e1k Fruzsina 8. b oszt\u00e1lyos tanul\u00f3nk 2. helyez\u00e9st \u00e9rt el. Felk\u00e9sz\u00edt\u0151 tan\u00e1ra: Kedves Gy\u00f6rgyn\u00e9 Zilahi Enik\u0151.<\/p>\n\n\n\n<p class=\"has-background-color has-text-color\"><strong>Gratul\u00e1lunk<\/strong> Fruzsi!<\/p>\n\n\n\n<figure class=\"wp-block-image size-full\"><img loading=\"lazy\" decoding=\"async\" width=\"898\" height=\"600\" src=\"https:\/\/www.szentpiroskanyiracsad.hu\/wp-content\/uploads\/2023\/05\/347237509_677484637476097_374369797457544035_n.jpg\" alt=\"\" class=\"wp-image-2118\" srcset=\"https:\/\/www.szentpiroskanyiracsad.hu\/wp-content\/uploads\/2023\/05\/347237509_677484637476097_374369797457544035_n.jpg 898w, https:\/\/www.szentpiroskanyiracsad.hu\/wp-content\/uploads\/2023\/05\/347237509_677484637476097_374369797457544035_n-300x200.jpg 300w, https:\/\/www.szentpiroskanyiracsad.hu\/wp-content\/uploads\/2023\/05\/347237509_677484637476097_374369797457544035_n-768x513.jpg 768w\" sizes=\"auto, (max-width: 898px) 100vw, 898px\" \/><\/figure>\n","protected":false},"excerpt":{"rendered":"<p>A ny\u00edrlugosi Szent P\u00e9ter \u00e9s P\u00e1l G\u00f6r\u00f6gkatolikus \u00c1ltal\u00e1nos Iskola \u00e1ltal a Pet\u0151fi-\u00e9v alkalm\u00e1b\u00f3l meghirdetett \u201eLegy\u00e9l [&hellip;]<\/p>\n","protected":false},"author":1,"featured_media":2119,"comment_status":"closed","ping_status":"closed","sticky":false,"template":"","format":"standard","meta":{"ngg_post_thumbnail":0,"footnotes":""},"categories":[1],"tags":[],"class_list":["post-2117","post","type-post","status-publish","format-standard","has-post-thumbnail","hentry","category-szent-piroska-gorogkatolikus-altalanos-iskola"],"_links":{"self":[{"href":"https:\/\/www.szentpiroskanyiracsad.hu\/index.php?rest_route=\/wp\/v2\/posts\/2117","targetHints":{"allow":["GET"]}}],"collection":[{"href":"https:\/\/www.szentpiroskanyiracsad.hu\/index.php?rest_route=\/wp\/v2\/posts"}],"about":[{"href":"https:\/\/www.szentpiroskanyiracsad.hu\/index.php?rest_route=\/wp\/v2\/types\/post"}],"author":[{"embeddable":true,"href":"https:\/\/www.szentpiroskanyiracsad.hu\/index.php?rest_route=\/wp\/v2\/users\/1"}],"replies":[{"embeddable":true,"href":"https:\/\/www.szentpiroskanyiracsad.hu\/index.php?rest_route=%2Fwp%2Fv2%2Fcomments&post=2117"}],"version-history":[{"count":1,"href":"https:\/\/www.szentpiroskanyiracsad.hu\/index.php?rest_route=\/wp\/v2\/posts\/2117\/revisions"}],"predecessor-version":[{"id":2120,"href":"https:\/\/www.szentpiroskanyiracsad.hu\/index.php?rest_route=\/wp\/v2\/posts\/2117\/revisions\/2120"}],"wp:featuredmedia":[{"embeddable":true,"href":"https:\/\/www.szentpiroskanyiracsad.hu\/index.php?rest_route=\/wp\/v2\/media\/2119"}],"wp:attachment":[{"href":"https:\/\/www.szentpiroskanyiracsad.hu\/index.php?rest_route=%2Fwp%2Fv2%2Fmedia&parent=2117"}],"wp:term":[{"taxonomy":"category","embeddable":true,"href":"https:\/\/www.szentpiroskanyiracsad.hu\/index.php?rest_route=%2Fwp%2Fv2%2Fcategories&post=2117"},{"taxonomy":"post_tag","embeddable":true,"href":"https:\/\/www.szentpiroskanyiracsad.hu\/index.php?rest_route=%2Fwp%2Fv2%2Ftags&post=2117"}],"curies":[{"name":"wp","href":"https:\/\/api.w.org\/{rel}","templated":true}]}}