{"id":2249,"date":"2023-05-22T07:58:00","date_gmt":"2023-05-22T07:58:00","guid":{"rendered":"http:\/\/www.szentpiroskanyiracsad.hu\/?p=2249"},"modified":"2023-05-31T08:00:10","modified_gmt":"2023-05-31T08:00:10","slug":"megyehatar-menti-matekverseny","status":"publish","type":"post","link":"https:\/\/www.szentpiroskanyiracsad.hu\/?p=2249","title":{"rendered":"Megyehat\u00e1r menti matekverseny"},"content":{"rendered":"\n<p class=\"has-background-color has-text-color\">M\u00e1jus 17-\u00e9n d\u00e9lut\u00e1n Ny\u00edrb\u00e9lteken, a Megyehat\u00e1r menti matekversenyen vettek r\u00e9szt di\u00e1kjaink. 2-8. \u00e9vfolyamosok kateg\u00f3ri\u00e1j\u00e1ban t\u00f6bb mint 10 iskol\u00e1b\u00f3l mintegy 100 di\u00e1k versengett. A mi iskol\u00e1nk minden \u00e9vben r\u00e9szt vesz a megm\u00e9rettet\u00e9sen, \u00e9s m\u00e9g soha nem t\u00e9rt\u00fcnk vissza dobog\u00f3s helyez\u00e9s n\u00e9lk\u00fcl. Nem volt ez m\u00e1sk\u00e9nt most sem. A 6. \u00e9vfolyamosok kateg\u00f3ri\u00e1j\u00e1ban Sz\u00fccs Martin 6. b oszt\u00e1lyos tanul\u00f3 1. helyez\u00e9st \u00e9rt el, Czuper Nimr\u00f3d 6. a oszt\u00e1lyos tanul\u00f3 a 2. helyet szerezte meg. <a><\/a>Felk\u00e9sz\u00edt\u0151j\u00fck Marozs\u00e1n Tiborn\u00e9 volt.<\/p>\n\n\n\n<p class=\"has-background-color has-text-color\"><strong>Gratul\u00e1lunk<\/strong> a helyezetteknek, minden r\u00e9sztvev\u0151 di\u00e1knak \u00e9s felk\u00e9sz\u00edt\u0151 tan\u00e1rnak. KGYZE<\/p>\n\n\n\n<figure class=\"wp-block-gallery has-nested-images columns-default is-cropped wp-block-gallery-1 is-layout-flex wp-block-gallery-is-layout-flex\">\n<figure class=\"wp-block-image size-large\"><img loading=\"lazy\" decoding=\"async\" width=\"1024\" height=\"823\" data-id=\"2250\" src=\"https:\/\/www.szentpiroskanyiracsad.hu\/wp-content\/uploads\/2023\/05\/348823319_784369023206445_1210033131012968855_n-1024x823.jpg\" alt=\"\" class=\"wp-image-2250\" srcset=\"https:\/\/www.szentpiroskanyiracsad.hu\/wp-content\/uploads\/2023\/05\/348823319_784369023206445_1210033131012968855_n-1024x823.jpg 1024w, https:\/\/www.szentpiroskanyiracsad.hu\/wp-content\/uploads\/2023\/05\/348823319_784369023206445_1210033131012968855_n-300x241.jpg 300w, https:\/\/www.szentpiroskanyiracsad.hu\/wp-content\/uploads\/2023\/05\/348823319_784369023206445_1210033131012968855_n-768x617.jpg 768w, https:\/\/www.szentpiroskanyiracsad.hu\/wp-content\/uploads\/2023\/05\/348823319_784369023206445_1210033131012968855_n-1536x1234.jpg 1536w, https:\/\/www.szentpiroskanyiracsad.hu\/wp-content\/uploads\/2023\/05\/348823319_784369023206445_1210033131012968855_n.jpg 2048w\" sizes=\"auto, (max-width: 1024px) 100vw, 1024px\" \/><\/figure>\n<\/figure>\n","protected":false},"excerpt":{"rendered":"<p>M\u00e1jus 17-\u00e9n d\u00e9lut\u00e1n Ny\u00edrb\u00e9lteken, a Megyehat\u00e1r menti matekversenyen vettek r\u00e9szt di\u00e1kjaink. 2-8. \u00e9vfolyamosok kateg\u00f3ri\u00e1j\u00e1ban t\u00f6bb [&hellip;]<\/p>\n","protected":false},"author":1,"featured_media":2251,"comment_status":"closed","ping_status":"closed","sticky":false,"template":"","format":"standard","meta":{"ngg_post_thumbnail":0,"footnotes":""},"categories":[1],"tags":[],"class_list":["post-2249","post","type-post","status-publish","format-standard","has-post-thumbnail","hentry","category-szent-piroska-gorogkatolikus-altalanos-iskola"],"_links":{"self":[{"href":"https:\/\/www.szentpiroskanyiracsad.hu\/index.php?rest_route=\/wp\/v2\/posts\/2249","targetHints":{"allow":["GET"]}}],"collection":[{"href":"https:\/\/www.szentpiroskanyiracsad.hu\/index.php?rest_route=\/wp\/v2\/posts"}],"about":[{"href":"https:\/\/www.szentpiroskanyiracsad.hu\/index.php?rest_route=\/wp\/v2\/types\/post"}],"author":[{"embeddable":true,"href":"https:\/\/www.szentpiroskanyiracsad.hu\/index.php?rest_route=\/wp\/v2\/users\/1"}],"replies":[{"embeddable":true,"href":"https:\/\/www.szentpiroskanyiracsad.hu\/index.php?rest_route=%2Fwp%2Fv2%2Fcomments&post=2249"}],"version-history":[{"count":1,"href":"https:\/\/www.szentpiroskanyiracsad.hu\/index.php?rest_route=\/wp\/v2\/posts\/2249\/revisions"}],"predecessor-version":[{"id":2252,"href":"https:\/\/www.szentpiroskanyiracsad.hu\/index.php?rest_route=\/wp\/v2\/posts\/2249\/revisions\/2252"}],"wp:featuredmedia":[{"embeddable":true,"href":"https:\/\/www.szentpiroskanyiracsad.hu\/index.php?rest_route=\/wp\/v2\/media\/2251"}],"wp:attachment":[{"href":"https:\/\/www.szentpiroskanyiracsad.hu\/index.php?rest_route=%2Fwp%2Fv2%2Fmedia&parent=2249"}],"wp:term":[{"taxonomy":"category","embeddable":true,"href":"https:\/\/www.szentpiroskanyiracsad.hu\/index.php?rest_route=%2Fwp%2Fv2%2Fcategories&post=2249"},{"taxonomy":"post_tag","embeddable":true,"href":"https:\/\/www.szentpiroskanyiracsad.hu\/index.php?rest_route=%2Fwp%2Fv2%2Ftags&post=2249"}],"curies":[{"name":"wp","href":"https:\/\/api.w.org\/{rel}","templated":true}]}}