{"id":2291,"date":"2023-05-31T08:05:04","date_gmt":"2023-05-31T08:05:04","guid":{"rendered":"http:\/\/www.szentpiroskanyiracsad.hu\/?p=2291"},"modified":"2023-05-31T08:05:06","modified_gmt":"2023-05-31T08:05:06","slug":"sikerek-a-tudasolimpian","status":"publish","type":"post","link":"https:\/\/www.szentpiroskanyiracsad.hu\/?p=2291","title":{"rendered":"SIKEREK A TUD\u00c1SOLIMPI\u00c1N"},"content":{"rendered":"\n<p class=\"has-background-color has-text-color\">Iskol\u00e1nk tanul\u00f3i ebben az \u00e9vben is bekapcsol\u00f3dtak a G\u00f6r\u00f6gkatolikus Tud\u00e1solimpi\u00e1ba. A verseny k\u00e9t levelez\u0151s fordul\u00f3val kezd\u0151d\u00f6tt. Ez alapj\u00e1n h\u00edvt\u00e1k be a d\u00f6nt\u0151be a t\u00edz legjobb eredm\u00e9ny el\u00e9r\u0151 tanul\u00f3t minden tant\u00e1rgyb\u00f3l. \u2013 Id\u00e9n a Szent Piroska G\u00f6r\u00f6gkatolikus \u00c1ltal\u00e1nos Iskola tanul\u00f3i k\u00f6z\u00fcl nyolcan jutottak be a d\u00f6nt\u0151be: Asztalos G\u00e1bor, Bisztr\u00e1n Bernadett Vivien, Nagy Lili, Sz\u00e1sz Borb\u00e1la, Gyulah\u00e1zi Anna, Kerti Csenge, Lakatos Gerg\u0151 \u00e9s T\u00f3th Zsuzsanna. Sajnos Bori \u00e9s Csenge nem tudott elmenni a m\u00e1jus 26-\u00e1n, Ny\u00edregyh\u00e1z\u00e1n megrendezett orsz\u00e1gos d\u00f6nt\u0151re.<\/p>\n\n\n\n<p class=\"has-background-color has-text-color\">Tanul\u00f3ink nagy sikert \u00e9rtek el: angol nyelvb\u0151l Bisztr\u00e1n Bernadatt Vivien orsz\u00e1gos 2. helyez\u00e9st \u00e9rt el. (Felk\u00e9sz\u00edt\u0151 tan\u00e1ra: Ill\u00e9s Gabriella). T\u00f3th Zsuzsanna t\u00f6rt\u00e9nelemb\u0151l \u00e9rt el orsz\u00e1gos 3. helyez\u00e9st- (Felk\u00e9sz\u00edt\u0151 tan\u00e1ra: T\u00f3th Elekn\u00e9). Gyulah\u00e1zi Anna pedig liturgikus ismeretekb\u0151l szerzett orsz\u00e1gos 3. helyez\u00e9st. (Felk\u00e9sz\u00edt\u0151 tan\u00e1ra: T\u00f3th Elekn\u00e9).<\/p>\n\n\n\n<p class=\"has-background-color has-text-color\"><strong>Gratul\u00e1lunk<\/strong> nekik ehhez a kiemelked\u0151 eredm\u00e9nyhez!<\/p>\n\n\n\n<p class=\"has-background-color has-text-color\">Ugyanakkor k\u00f6sz\u00f6nj\u00fck a g\u00f6r\u00f6gkatolikus egyh\u00e1znak, hogy az utaz\u00e1st megszervezte, illetve k\u00f6lts\u00e9geit v\u00e1llalta. K\u00f6sz\u00f6net iskol\u00e1nk egykori di\u00e1kj\u00e1nak, Luk\u00e1cs D\u00e1vidnak \u00e9s a par\u00f3kus aty\u00e1nak, akik a sof\u0151ri feladatokat sz\u00edvess\u00e9gb\u0151l v\u00e1llalt\u00e1k! (Fot\u00f3: T\u00f3th Elek atya)<\/p>\n\n\n\n<p class=\"has-background-color has-text-color\">T\u00f3th Elekn\u00e9<\/p>\n\n\n\n<figure class=\"wp-block-gallery has-nested-images columns-default is-cropped wp-block-gallery-1 is-layout-flex wp-block-gallery-is-layout-flex\">\n<figure class=\"wp-block-image size-large\"><img loading=\"lazy\" decoding=\"async\" width=\"768\" height=\"1024\" data-id=\"2294\" src=\"https:\/\/www.szentpiroskanyiracsad.hu\/wp-content\/uploads\/2023\/05\/347233377_578250517626191_7559035978639794274_n-768x1024.jpg\" alt=\"\" class=\"wp-image-2294\" srcset=\"https:\/\/www.szentpiroskanyiracsad.hu\/wp-content\/uploads\/2023\/05\/347233377_578250517626191_7559035978639794274_n-768x1024.jpg 768w, https:\/\/www.szentpiroskanyiracsad.hu\/wp-content\/uploads\/2023\/05\/347233377_578250517626191_7559035978639794274_n-225x300.jpg 225w, https:\/\/www.szentpiroskanyiracsad.hu\/wp-content\/uploads\/2023\/05\/347233377_578250517626191_7559035978639794274_n-1152x1536.jpg 1152w, https:\/\/www.szentpiroskanyiracsad.hu\/wp-content\/uploads\/2023\/05\/347233377_578250517626191_7559035978639794274_n.jpg 1536w\" sizes=\"auto, (max-width: 768px) 100vw, 768px\" \/><\/figure>\n\n\n\n<figure class=\"wp-block-image size-large\"><img loading=\"lazy\" decoding=\"async\" width=\"768\" height=\"1024\" data-id=\"2293\" src=\"https:\/\/www.szentpiroskanyiracsad.hu\/wp-content\/uploads\/2023\/05\/350509569_929487721640979_3767123639953942483_n-768x1024.jpg\" alt=\"\" class=\"wp-image-2293\" srcset=\"https:\/\/www.szentpiroskanyiracsad.hu\/wp-content\/uploads\/2023\/05\/350509569_929487721640979_3767123639953942483_n-768x1024.jpg 768w, https:\/\/www.szentpiroskanyiracsad.hu\/wp-content\/uploads\/2023\/05\/350509569_929487721640979_3767123639953942483_n-225x300.jpg 225w, https:\/\/www.szentpiroskanyiracsad.hu\/wp-content\/uploads\/2023\/05\/350509569_929487721640979_3767123639953942483_n-1152x1536.jpg 1152w, https:\/\/www.szentpiroskanyiracsad.hu\/wp-content\/uploads\/2023\/05\/350509569_929487721640979_3767123639953942483_n.jpg 1536w\" sizes=\"auto, (max-width: 768px) 100vw, 768px\" \/><\/figure>\n\n\n\n<figure class=\"wp-block-image size-large\"><img loading=\"lazy\" decoding=\"async\" width=\"768\" height=\"1024\" data-id=\"2292\" src=\"https:\/\/www.szentpiroskanyiracsad.hu\/wp-content\/uploads\/2023\/05\/350512460_796063915160474_2640642864169576283_n-768x1024.jpg\" alt=\"\" class=\"wp-image-2292\" srcset=\"https:\/\/www.szentpiroskanyiracsad.hu\/wp-content\/uploads\/2023\/05\/350512460_796063915160474_2640642864169576283_n-768x1024.jpg 768w, https:\/\/www.szentpiroskanyiracsad.hu\/wp-content\/uploads\/2023\/05\/350512460_796063915160474_2640642864169576283_n-225x300.jpg 225w, https:\/\/www.szentpiroskanyiracsad.hu\/wp-content\/uploads\/2023\/05\/350512460_796063915160474_2640642864169576283_n-1152x1536.jpg 1152w, https:\/\/www.szentpiroskanyiracsad.hu\/wp-content\/uploads\/2023\/05\/350512460_796063915160474_2640642864169576283_n.jpg 1536w\" sizes=\"auto, (max-width: 768px) 100vw, 768px\" \/><\/figure>\n\n\n\n<figure class=\"wp-block-image size-large\"><img loading=\"lazy\" decoding=\"async\" width=\"768\" height=\"1024\" data-id=\"2295\" src=\"https:\/\/www.szentpiroskanyiracsad.hu\/wp-content\/uploads\/2023\/05\/350674098_271297195359507_3955414196838454903_n-768x1024.jpg\" alt=\"\" class=\"wp-image-2295\" srcset=\"https:\/\/www.szentpiroskanyiracsad.hu\/wp-content\/uploads\/2023\/05\/350674098_271297195359507_3955414196838454903_n-768x1024.jpg 768w, https:\/\/www.szentpiroskanyiracsad.hu\/wp-content\/uploads\/2023\/05\/350674098_271297195359507_3955414196838454903_n-225x300.jpg 225w, https:\/\/www.szentpiroskanyiracsad.hu\/wp-content\/uploads\/2023\/05\/350674098_271297195359507_3955414196838454903_n-1152x1536.jpg 1152w, https:\/\/www.szentpiroskanyiracsad.hu\/wp-content\/uploads\/2023\/05\/350674098_271297195359507_3955414196838454903_n.jpg 1536w\" sizes=\"auto, (max-width: 768px) 100vw, 768px\" \/><\/figure>\n<\/figure>\n","protected":false},"excerpt":{"rendered":"<p>Iskol\u00e1nk tanul\u00f3i ebben az \u00e9vben is bekapcsol\u00f3dtak a G\u00f6r\u00f6gkatolikus Tud\u00e1solimpi\u00e1ba. A verseny k\u00e9t levelez\u0151s fordul\u00f3val [&hellip;]<\/p>\n","protected":false},"author":1,"featured_media":2296,"comment_status":"closed","ping_status":"closed","sticky":false,"template":"","format":"standard","meta":{"ngg_post_thumbnail":0,"footnotes":""},"categories":[1],"tags":[],"class_list":["post-2291","post","type-post","status-publish","format-standard","has-post-thumbnail","hentry","category-szent-piroska-gorogkatolikus-altalanos-iskola"],"_links":{"self":[{"href":"https:\/\/www.szentpiroskanyiracsad.hu\/index.php?rest_route=\/wp\/v2\/posts\/2291","targetHints":{"allow":["GET"]}}],"collection":[{"href":"https:\/\/www.szentpiroskanyiracsad.hu\/index.php?rest_route=\/wp\/v2\/posts"}],"about":[{"href":"https:\/\/www.szentpiroskanyiracsad.hu\/index.php?rest_route=\/wp\/v2\/types\/post"}],"author":[{"embeddable":true,"href":"https:\/\/www.szentpiroskanyiracsad.hu\/index.php?rest_route=\/wp\/v2\/users\/1"}],"replies":[{"embeddable":true,"href":"https:\/\/www.szentpiroskanyiracsad.hu\/index.php?rest_route=%2Fwp%2Fv2%2Fcomments&post=2291"}],"version-history":[{"count":1,"href":"https:\/\/www.szentpiroskanyiracsad.hu\/index.php?rest_route=\/wp\/v2\/posts\/2291\/revisions"}],"predecessor-version":[{"id":2297,"href":"https:\/\/www.szentpiroskanyiracsad.hu\/index.php?rest_route=\/wp\/v2\/posts\/2291\/revisions\/2297"}],"wp:featuredmedia":[{"embeddable":true,"href":"https:\/\/www.szentpiroskanyiracsad.hu\/index.php?rest_route=\/wp\/v2\/media\/2296"}],"wp:attachment":[{"href":"https:\/\/www.szentpiroskanyiracsad.hu\/index.php?rest_route=%2Fwp%2Fv2%2Fmedia&parent=2291"}],"wp:term":[{"taxonomy":"category","embeddable":true,"href":"https:\/\/www.szentpiroskanyiracsad.hu\/index.php?rest_route=%2Fwp%2Fv2%2Fcategories&post=2291"},{"taxonomy":"post_tag","embeddable":true,"href":"https:\/\/www.szentpiroskanyiracsad.hu\/index.php?rest_route=%2Fwp%2Fv2%2Ftags&post=2291"}],"curies":[{"name":"wp","href":"https:\/\/api.w.org\/{rel}","templated":true}]}}