{"id":2493,"date":"2023-06-12T09:41:36","date_gmt":"2023-06-12T09:41:36","guid":{"rendered":"http:\/\/www.szentpiroskanyiracsad.hu\/?p=2493"},"modified":"2023-06-12T09:41:38","modified_gmt":"2023-06-12T09:41:38","slug":"tisztelt-szulok","status":"publish","type":"post","link":"https:\/\/www.szentpiroskanyiracsad.hu\/?p=2493","title":{"rendered":"Tisztelt Sz\u00fcl\u0151k!"},"content":{"rendered":"\n<p>\u00c9v v\u00e9gi esem\u00e9nyek:<\/p>\n\n\n\n<p>2023. j\u00fanius 14. (szerda) 17,00 \u00f3r\u00e1t\u00f3l&nbsp; A nyolcadikos tanul\u00f3k H\u00e1laad\u00f3 Szent Liturgi\u00e1ja a g\u00f6r\u00f6gkatolikus templomban<br>2023. j\u00fanius 15. (cs\u00fct\u00f6rt\u00f6k) 17,00 \u00f3r\u00e1t\u00f3l K\u00f6z\u00f6s b\u00facs\u00faz\u00e1s, szeren\u00e1d \u00e9s \u00fcnnepi vacsora az aul\u00e1ban<br>2023. j\u00fanius 16. (p\u00e9ntek) d\u00e9lel\u0151tt Ballag\u00f3k b\u00facs\u00faz\u00e1sa a falut\u00f3l<br>2023. j\u00fanius 17. (szombat) 9,00 \u00f3r\u00e1t\u00f3l Ballag\u00e1s<br>2023. j\u00fanius 20. (kedd) 17,00 \u00f3r\u00e1t\u00f3l Tan\u00e9vz\u00e1r\u00f3 Szent Liturgia \u00e9s bizony\u00edtv\u00e1nyoszt\u00e1s<br>2023. j\u00fanius 21. (szerda) 14,00 \u00f3r\u00e1t\u00f3l Leend\u0151 els\u0151s\u00f6k sz\u00fcl\u0151i \u00e9rtekezlete az iskola aul\u00e1j\u00e1ban<\/p>\n","protected":false},"excerpt":{"rendered":"<p>\u00c9v v\u00e9gi esem\u00e9nyek: 2023. j\u00fanius 14. (szerda) 17,00 \u00f3r\u00e1t\u00f3l&nbsp; A nyolcadikos tanul\u00f3k H\u00e1laad\u00f3 Szent Liturgi\u00e1ja [&hellip;]<\/p>\n","protected":false},"author":1,"featured_media":2494,"comment_status":"closed","ping_status":"closed","sticky":false,"template":"","format":"standard","meta":{"ngg_post_thumbnail":0,"footnotes":""},"categories":[1],"tags":[],"class_list":["post-2493","post","type-post","status-publish","format-standard","has-post-thumbnail","hentry","category-szent-piroska-gorogkatolikus-altalanos-iskola"],"_links":{"self":[{"href":"https:\/\/www.szentpiroskanyiracsad.hu\/index.php?rest_route=\/wp\/v2\/posts\/2493","targetHints":{"allow":["GET"]}}],"collection":[{"href":"https:\/\/www.szentpiroskanyiracsad.hu\/index.php?rest_route=\/wp\/v2\/posts"}],"about":[{"href":"https:\/\/www.szentpiroskanyiracsad.hu\/index.php?rest_route=\/wp\/v2\/types\/post"}],"author":[{"embeddable":true,"href":"https:\/\/www.szentpiroskanyiracsad.hu\/index.php?rest_route=\/wp\/v2\/users\/1"}],"replies":[{"embeddable":true,"href":"https:\/\/www.szentpiroskanyiracsad.hu\/index.php?rest_route=%2Fwp%2Fv2%2Fcomments&post=2493"}],"version-history":[{"count":1,"href":"https:\/\/www.szentpiroskanyiracsad.hu\/index.php?rest_route=\/wp\/v2\/posts\/2493\/revisions"}],"predecessor-version":[{"id":2495,"href":"https:\/\/www.szentpiroskanyiracsad.hu\/index.php?rest_route=\/wp\/v2\/posts\/2493\/revisions\/2495"}],"wp:featuredmedia":[{"embeddable":true,"href":"https:\/\/www.szentpiroskanyiracsad.hu\/index.php?rest_route=\/wp\/v2\/media\/2494"}],"wp:attachment":[{"href":"https:\/\/www.szentpiroskanyiracsad.hu\/index.php?rest_route=%2Fwp%2Fv2%2Fmedia&parent=2493"}],"wp:term":[{"taxonomy":"category","embeddable":true,"href":"https:\/\/www.szentpiroskanyiracsad.hu\/index.php?rest_route=%2Fwp%2Fv2%2Fcategories&post=2493"},{"taxonomy":"post_tag","embeddable":true,"href":"https:\/\/www.szentpiroskanyiracsad.hu\/index.php?rest_route=%2Fwp%2Fv2%2Ftags&post=2493"}],"curies":[{"name":"wp","href":"https:\/\/api.w.org\/{rel}","templated":true}]}}