{"id":2939,"date":"2023-09-01T09:36:15","date_gmt":"2023-09-01T09:36:15","guid":{"rendered":"http:\/\/www.szentpiroskanyiracsad.hu\/?p=2939"},"modified":"2023-09-01T09:36:16","modified_gmt":"2023-09-01T09:36:16","slug":"tanszercsomag-osztas-szegeny-csaladok-szamara","status":"publish","type":"post","link":"https:\/\/www.szentpiroskanyiracsad.hu\/?p=2939","title":{"rendered":"Tanszercsomag oszt\u00e1s szeg\u00e9ny csal\u00e1dok sz\u00e1m\u00e1ra."},"content":{"rendered":"\n<p><br>A 2023\/24-es tan\u00e9vhez kapcsol\u00f3d\u00f3an tanszercsomagokat osztunk ki azon 1-8. \u00e9vfolyamon tanul\u00f3k r\u00e9sz\u00e9re akik rendszeres gyermekv\u00e9delmi kedvezm\u00e9nyre jogosultak.<br>Fontos , hogy a nevel\u00e9sbe vett 1-8. \u00e9vfolyamos tanulok sz\u00e1m\u00e1ra ezt NEM tudjuk biztos\u00edtani.<br>A tanszercsomagok \u00e1tvehet\u0151k Szeptember 5.-\u00e9n KEDDEN 13:00 \u00f3r\u00e1t\u00f3l 16:00 \u00f3r\u00e1ig a Szent Piroska G\u00f6r\u00f6gkatolikus \u00c1ltal\u00e1nos Iskol\u00e1ban.<\/p>\n","protected":false},"excerpt":{"rendered":"<p>A 2023\/24-es tan\u00e9vhez kapcsol\u00f3d\u00f3an tanszercsomagokat osztunk ki azon 1-8. \u00e9vfolyamon tanul\u00f3k r\u00e9sz\u00e9re akik rendszeres gyermekv\u00e9delmi [&hellip;]<\/p>\n","protected":false},"author":1,"featured_media":2940,"comment_status":"closed","ping_status":"closed","sticky":false,"template":"","format":"standard","meta":{"ngg_post_thumbnail":0,"footnotes":""},"categories":[1],"tags":[],"class_list":["post-2939","post","type-post","status-publish","format-standard","has-post-thumbnail","hentry","category-szent-piroska-gorogkatolikus-altalanos-iskola"],"_links":{"self":[{"href":"https:\/\/www.szentpiroskanyiracsad.hu\/index.php?rest_route=\/wp\/v2\/posts\/2939","targetHints":{"allow":["GET"]}}],"collection":[{"href":"https:\/\/www.szentpiroskanyiracsad.hu\/index.php?rest_route=\/wp\/v2\/posts"}],"about":[{"href":"https:\/\/www.szentpiroskanyiracsad.hu\/index.php?rest_route=\/wp\/v2\/types\/post"}],"author":[{"embeddable":true,"href":"https:\/\/www.szentpiroskanyiracsad.hu\/index.php?rest_route=\/wp\/v2\/users\/1"}],"replies":[{"embeddable":true,"href":"https:\/\/www.szentpiroskanyiracsad.hu\/index.php?rest_route=%2Fwp%2Fv2%2Fcomments&post=2939"}],"version-history":[{"count":1,"href":"https:\/\/www.szentpiroskanyiracsad.hu\/index.php?rest_route=\/wp\/v2\/posts\/2939\/revisions"}],"predecessor-version":[{"id":2941,"href":"https:\/\/www.szentpiroskanyiracsad.hu\/index.php?rest_route=\/wp\/v2\/posts\/2939\/revisions\/2941"}],"wp:featuredmedia":[{"embeddable":true,"href":"https:\/\/www.szentpiroskanyiracsad.hu\/index.php?rest_route=\/wp\/v2\/media\/2940"}],"wp:attachment":[{"href":"https:\/\/www.szentpiroskanyiracsad.hu\/index.php?rest_route=%2Fwp%2Fv2%2Fmedia&parent=2939"}],"wp:term":[{"taxonomy":"category","embeddable":true,"href":"https:\/\/www.szentpiroskanyiracsad.hu\/index.php?rest_route=%2Fwp%2Fv2%2Fcategories&post=2939"},{"taxonomy":"post_tag","embeddable":true,"href":"https:\/\/www.szentpiroskanyiracsad.hu\/index.php?rest_route=%2Fwp%2Fv2%2Ftags&post=2939"}],"curies":[{"name":"wp","href":"https:\/\/api.w.org\/{rel}","templated":true}]}}