{"id":2944,"date":"2023-09-04T07:40:14","date_gmt":"2023-09-04T07:40:14","guid":{"rendered":"http:\/\/www.szentpiroskanyiracsad.hu\/?p=2944"},"modified":"2023-09-04T07:40:16","modified_gmt":"2023-09-04T07:40:16","slug":"parkolo","status":"publish","type":"post","link":"https:\/\/www.szentpiroskanyiracsad.hu\/?p=2944","title":{"rendered":"Parkol\u00f3"},"content":{"rendered":"\n<p>Kedves Sz\u00fcl\u0151k!<\/p>\n\n\n\n<p>\u00d6r\u00f6mmel \u00e9rtes\u00edtem \u00d6n\u00f6ket, hogy Dr. Nagy J\u00e1nos polg\u00e1rmester \u00far hozz\u00e1j\u00e1rult, hogy h\u00e9tk\u00f6znapokon reggel 7.15-8.00., \u00e9s d\u00e9lut\u00e1n 14.30-15.00. \u00f3ra k\u00f6z\u00f6tt az aut\u00f3val \u00e9rkez\u0151 sz\u00fcl\u0151k parkolhassanak az Szegreg\u00e1ci\u00f3 Szolg\u00e1ltat\u00f3h\u00e1z udvar\u00e1n l\u00e9v\u0151 parkol\u00f3ban. Ezzel lehet\u0151v\u00e9 v\u00e1lik, hogy az iskol\u00e1ba j\u00f6v\u0151 gyerekek biztons\u00e1gosabban k\u00f6zel\u00edts\u00e9k meg int\u00e9zm\u00e9ny\u00fcnket \u00e9s ne alakuljon ki k\u00f6zleked\u00e9si k\u00e1osz fent eml\u00edtett id\u0151pontokban. K\u00f6sz\u00f6nj\u00fck sz\u00e9pen!<\/p>\n","protected":false},"excerpt":{"rendered":"<p>Kedves Sz\u00fcl\u0151k! \u00d6r\u00f6mmel \u00e9rtes\u00edtem \u00d6n\u00f6ket, hogy Dr. Nagy J\u00e1nos polg\u00e1rmester \u00far hozz\u00e1j\u00e1rult, hogy h\u00e9tk\u00f6znapokon reggel [&hellip;]<\/p>\n","protected":false},"author":1,"featured_media":2945,"comment_status":"closed","ping_status":"closed","sticky":false,"template":"","format":"standard","meta":{"ngg_post_thumbnail":0,"footnotes":""},"categories":[1],"tags":[],"class_list":["post-2944","post","type-post","status-publish","format-standard","has-post-thumbnail","hentry","category-szent-piroska-gorogkatolikus-altalanos-iskola"],"_links":{"self":[{"href":"https:\/\/www.szentpiroskanyiracsad.hu\/index.php?rest_route=\/wp\/v2\/posts\/2944","targetHints":{"allow":["GET"]}}],"collection":[{"href":"https:\/\/www.szentpiroskanyiracsad.hu\/index.php?rest_route=\/wp\/v2\/posts"}],"about":[{"href":"https:\/\/www.szentpiroskanyiracsad.hu\/index.php?rest_route=\/wp\/v2\/types\/post"}],"author":[{"embeddable":true,"href":"https:\/\/www.szentpiroskanyiracsad.hu\/index.php?rest_route=\/wp\/v2\/users\/1"}],"replies":[{"embeddable":true,"href":"https:\/\/www.szentpiroskanyiracsad.hu\/index.php?rest_route=%2Fwp%2Fv2%2Fcomments&post=2944"}],"version-history":[{"count":1,"href":"https:\/\/www.szentpiroskanyiracsad.hu\/index.php?rest_route=\/wp\/v2\/posts\/2944\/revisions"}],"predecessor-version":[{"id":2946,"href":"https:\/\/www.szentpiroskanyiracsad.hu\/index.php?rest_route=\/wp\/v2\/posts\/2944\/revisions\/2946"}],"wp:featuredmedia":[{"embeddable":true,"href":"https:\/\/www.szentpiroskanyiracsad.hu\/index.php?rest_route=\/wp\/v2\/media\/2945"}],"wp:attachment":[{"href":"https:\/\/www.szentpiroskanyiracsad.hu\/index.php?rest_route=%2Fwp%2Fv2%2Fmedia&parent=2944"}],"wp:term":[{"taxonomy":"category","embeddable":true,"href":"https:\/\/www.szentpiroskanyiracsad.hu\/index.php?rest_route=%2Fwp%2Fv2%2Fcategories&post=2944"},{"taxonomy":"post_tag","embeddable":true,"href":"https:\/\/www.szentpiroskanyiracsad.hu\/index.php?rest_route=%2Fwp%2Fv2%2Ftags&post=2944"}],"curies":[{"name":"wp","href":"https:\/\/api.w.org\/{rel}","templated":true}]}}