{"id":4168,"date":"2023-12-15T08:37:29","date_gmt":"2023-12-15T08:37:29","guid":{"rendered":"https:\/\/www.szentpiroskanyiracsad.hu\/?p=4168"},"modified":"2023-12-15T08:37:30","modified_gmt":"2023-12-15T08:37:30","slug":"adventi-karacsonyi-koncert","status":"publish","type":"post","link":"https:\/\/www.szentpiroskanyiracsad.hu\/?p=4168","title":{"rendered":"Adventi Kar\u00e1csonyi Koncert"},"content":{"rendered":"\n<p>Hajd\u00fadorogon a Nagy Szent Bazil G\u00f6r\u00f6gkatolikus \u00d3voda, \u00c1ltal\u00e1nos Iskola, Gimn\u00e1zium, Technikum Szakk\u00e9pz\u0151 Iskola \u00e9s Koll\u00e9gium megh\u00edvta a Szent Piroska G\u00f6r\u00f6gkatolikus \u00c1ltal\u00e1nos Iskola \u00e9nekkar\u00e1t egy Adventi Kar\u00e1csonyi Koncertre. Elfogadtuk a megh\u00edv\u00e1st. Di\u00e1kjaink n\u00e9pdalokat, kar\u00e1csonyi \u00e9nekeket \u00e9s megzen\u00e9s\u00edtett vers r\u00e9szletet adtak el\u0151. Nagyon j\u00f3l siker\u00fclt a m\u0171sorunk. J\u00f3l \u00e9rezt\u00fck magunkat, k\u00f6sz\u00f6nj\u00fck a lehet\u0151s\u00e9get!<\/p>\n\n\n\n<figure class=\"wp-block-video\"><video height=\"360\" style=\"aspect-ratio: 626 \/ 360;\" width=\"626\" controls src=\"https:\/\/www.szentpiroskanyiracsad.hu\/wp-content\/uploads\/2023\/12\/GMUUfxhav3qlQiYDAA7Y13N02ZUtbmdjAAAF.mp4\"><\/video><\/figure>\n","protected":false},"excerpt":{"rendered":"<p>Hajd\u00fadorogon a Nagy Szent Bazil G\u00f6r\u00f6gkatolikus \u00d3voda, \u00c1ltal\u00e1nos Iskola, Gimn\u00e1zium, Technikum Szakk\u00e9pz\u0151 Iskola \u00e9s Koll\u00e9gium [&hellip;]<\/p>\n","protected":false},"author":1,"featured_media":0,"comment_status":"closed","ping_status":"closed","sticky":false,"template":"","format":"standard","meta":{"ngg_post_thumbnail":0,"footnotes":""},"categories":[1],"tags":[],"class_list":["post-4168","post","type-post","status-publish","format-standard","hentry","category-szent-piroska-gorogkatolikus-altalanos-iskola"],"_links":{"self":[{"href":"https:\/\/www.szentpiroskanyiracsad.hu\/index.php?rest_route=\/wp\/v2\/posts\/4168","targetHints":{"allow":["GET"]}}],"collection":[{"href":"https:\/\/www.szentpiroskanyiracsad.hu\/index.php?rest_route=\/wp\/v2\/posts"}],"about":[{"href":"https:\/\/www.szentpiroskanyiracsad.hu\/index.php?rest_route=\/wp\/v2\/types\/post"}],"author":[{"embeddable":true,"href":"https:\/\/www.szentpiroskanyiracsad.hu\/index.php?rest_route=\/wp\/v2\/users\/1"}],"replies":[{"embeddable":true,"href":"https:\/\/www.szentpiroskanyiracsad.hu\/index.php?rest_route=%2Fwp%2Fv2%2Fcomments&post=4168"}],"version-history":[{"count":1,"href":"https:\/\/www.szentpiroskanyiracsad.hu\/index.php?rest_route=\/wp\/v2\/posts\/4168\/revisions"}],"predecessor-version":[{"id":4170,"href":"https:\/\/www.szentpiroskanyiracsad.hu\/index.php?rest_route=\/wp\/v2\/posts\/4168\/revisions\/4170"}],"wp:attachment":[{"href":"https:\/\/www.szentpiroskanyiracsad.hu\/index.php?rest_route=%2Fwp%2Fv2%2Fmedia&parent=4168"}],"wp:term":[{"taxonomy":"category","embeddable":true,"href":"https:\/\/www.szentpiroskanyiracsad.hu\/index.php?rest_route=%2Fwp%2Fv2%2Fcategories&post=4168"},{"taxonomy":"post_tag","embeddable":true,"href":"https:\/\/www.szentpiroskanyiracsad.hu\/index.php?rest_route=%2Fwp%2Fv2%2Ftags&post=4168"}],"curies":[{"name":"wp","href":"https:\/\/api.w.org\/{rel}","templated":true}]}}