{"id":4171,"date":"2023-12-15T08:38:14","date_gmt":"2023-12-15T08:38:14","guid":{"rendered":"https:\/\/www.szentpiroskanyiracsad.hu\/?p=4171"},"modified":"2023-12-15T08:38:16","modified_gmt":"2023-12-15T08:38:16","slug":"kantalasi-verseny","status":"publish","type":"post","link":"https:\/\/www.szentpiroskanyiracsad.hu\/?p=4171","title":{"rendered":"K\u00e1nt\u00e1l\u00e1si verseny"},"content":{"rendered":"\n<p>2023. dec. 12-\u00e9n a Szent Piroska G\u00f6r\u00f6gkatolikus \u00c1ltal\u00e1nos Iskola \u00e9nekkara Ny\u00edrlugoson a Szent P\u00e9ter \u00e9s P\u00e1l G\u00f6r\u00f6gkatolikus \u00c1ltal\u00e1nos Iskola sz\u00ednpadterm\u00e9ben K\u00e1nt\u00e1l\u00e1si versenyen vett r\u00e9szt.<\/p>\n\n\n\n<p>N\u00e9pdalokat, kar\u00e1csonyi \u00e9nekeket \u00e9s egy csillagoz\u00e1st mutattak be. A gyerekek produkci\u00f3j\u00e1t a zs\u00fcri K\u00fcl\u00f6nd\u00edjjal \u00e9rt\u00e9kelte. Gratul\u00e1lunk nekik!<\/p>\n\n\n\n<figure class=\"wp-block-image size-large\"><img loading=\"lazy\" decoding=\"async\" width=\"1024\" height=\"766\" src=\"https:\/\/www.szentpiroskanyiracsad.hu\/wp-content\/uploads\/2023\/12\/410132134_1544450069658876_2532033522760792893_n-1024x766.jpg\" alt=\"\" class=\"wp-image-4172\" srcset=\"https:\/\/www.szentpiroskanyiracsad.hu\/wp-content\/uploads\/2023\/12\/410132134_1544450069658876_2532033522760792893_n-1024x766.jpg 1024w, https:\/\/www.szentpiroskanyiracsad.hu\/wp-content\/uploads\/2023\/12\/410132134_1544450069658876_2532033522760792893_n-300x224.jpg 300w, https:\/\/www.szentpiroskanyiracsad.hu\/wp-content\/uploads\/2023\/12\/410132134_1544450069658876_2532033522760792893_n-768x575.jpg 768w, https:\/\/www.szentpiroskanyiracsad.hu\/wp-content\/uploads\/2023\/12\/410132134_1544450069658876_2532033522760792893_n-1536x1149.jpg 1536w, https:\/\/www.szentpiroskanyiracsad.hu\/wp-content\/uploads\/2023\/12\/410132134_1544450069658876_2532033522760792893_n.jpg 2048w\" sizes=\"auto, (max-width: 1024px) 100vw, 1024px\" \/><\/figure>\n","protected":false},"excerpt":{"rendered":"<p>2023. dec. 12-\u00e9n a Szent Piroska G\u00f6r\u00f6gkatolikus \u00c1ltal\u00e1nos Iskola \u00e9nekkara Ny\u00edrlugoson a Szent P\u00e9ter \u00e9s [&hellip;]<\/p>\n","protected":false},"author":1,"featured_media":4173,"comment_status":"closed","ping_status":"closed","sticky":false,"template":"","format":"standard","meta":{"ngg_post_thumbnail":0,"footnotes":""},"categories":[1],"tags":[],"class_list":["post-4171","post","type-post","status-publish","format-standard","has-post-thumbnail","hentry","category-szent-piroska-gorogkatolikus-altalanos-iskola"],"_links":{"self":[{"href":"https:\/\/www.szentpiroskanyiracsad.hu\/index.php?rest_route=\/wp\/v2\/posts\/4171","targetHints":{"allow":["GET"]}}],"collection":[{"href":"https:\/\/www.szentpiroskanyiracsad.hu\/index.php?rest_route=\/wp\/v2\/posts"}],"about":[{"href":"https:\/\/www.szentpiroskanyiracsad.hu\/index.php?rest_route=\/wp\/v2\/types\/post"}],"author":[{"embeddable":true,"href":"https:\/\/www.szentpiroskanyiracsad.hu\/index.php?rest_route=\/wp\/v2\/users\/1"}],"replies":[{"embeddable":true,"href":"https:\/\/www.szentpiroskanyiracsad.hu\/index.php?rest_route=%2Fwp%2Fv2%2Fcomments&post=4171"}],"version-history":[{"count":1,"href":"https:\/\/www.szentpiroskanyiracsad.hu\/index.php?rest_route=\/wp\/v2\/posts\/4171\/revisions"}],"predecessor-version":[{"id":4174,"href":"https:\/\/www.szentpiroskanyiracsad.hu\/index.php?rest_route=\/wp\/v2\/posts\/4171\/revisions\/4174"}],"wp:featuredmedia":[{"embeddable":true,"href":"https:\/\/www.szentpiroskanyiracsad.hu\/index.php?rest_route=\/wp\/v2\/media\/4173"}],"wp:attachment":[{"href":"https:\/\/www.szentpiroskanyiracsad.hu\/index.php?rest_route=%2Fwp%2Fv2%2Fmedia&parent=4171"}],"wp:term":[{"taxonomy":"category","embeddable":true,"href":"https:\/\/www.szentpiroskanyiracsad.hu\/index.php?rest_route=%2Fwp%2Fv2%2Fcategories&post=4171"},{"taxonomy":"post_tag","embeddable":true,"href":"https:\/\/www.szentpiroskanyiracsad.hu\/index.php?rest_route=%2Fwp%2Fv2%2Ftags&post=4171"}],"curies":[{"name":"wp","href":"https:\/\/api.w.org\/{rel}","templated":true}]}}