{"id":4527,"date":"2024-01-19T06:42:00","date_gmt":"2024-01-19T06:42:00","guid":{"rendered":"https:\/\/www.szentpiroskanyiracsad.hu\/?p=4527"},"modified":"2024-02-16T06:43:50","modified_gmt":"2024-02-16T06:43:50","slug":"a-magyar-kultura-napja-2","status":"publish","type":"post","link":"https:\/\/www.szentpiroskanyiracsad.hu\/?p=4527","title":{"rendered":"A Magyar Kult\u00fara Napja"},"content":{"rendered":"\n<p>A Debreceni L\u00f3r\u00e1ntffy Zsuzsanna \u00c1ltal\u00e1nos Iskola \u00e1ltal szervezett v\u00e1rmegyei versmond\u00f3 versenyen, B\u00c1LEGA LARA iskol\u00e1nk 1.a. oszt\u00e1lyos tanul\u00f3ja 36 nevez\u0151 di\u00e1k k\u00f6z\u00fcl 7. helyen teljes\u00edtett.<\/p>\n\n\n\n<p>K\u00fcl\u00f6nd\u00edjban r\u00e9szes\u00fclt!<\/p>\n\n\n\n<p>A versenyt a Magyar Kult\u00fara Napja alkalm\u00e1b\u00f3l szervezt\u00e9k.<\/p>\n\n\n\n<p>Felk\u00e9sz\u00edt\u0151je Madar\u00e1szn\u00e9 Mindig Erzs\u00e9bet tan\u00edt\u00f3n\u0151 volt. Gratul\u00e1lunk!<\/p>\n\n\n\n<figure class=\"wp-block-image aligncenter size-full\"><img loading=\"lazy\" decoding=\"async\" width=\"320\" height=\"524\" src=\"https:\/\/www.szentpiroskanyiracsad.hu\/wp-content\/uploads\/2024\/02\/423312983_1570998170337399_7375991973534736146_n.jpg\" alt=\"\" class=\"wp-image-4528\" srcset=\"https:\/\/www.szentpiroskanyiracsad.hu\/wp-content\/uploads\/2024\/02\/423312983_1570998170337399_7375991973534736146_n.jpg 320w, https:\/\/www.szentpiroskanyiracsad.hu\/wp-content\/uploads\/2024\/02\/423312983_1570998170337399_7375991973534736146_n-183x300.jpg 183w\" sizes=\"auto, (max-width: 320px) 100vw, 320px\" \/><\/figure>\n","protected":false},"excerpt":{"rendered":"<p>A Debreceni L\u00f3r\u00e1ntffy Zsuzsanna \u00c1ltal\u00e1nos Iskola \u00e1ltal szervezett v\u00e1rmegyei versmond\u00f3 versenyen, B\u00c1LEGA LARA iskol\u00e1nk 1.a. [&hellip;]<\/p>\n","protected":false},"author":1,"featured_media":4529,"comment_status":"closed","ping_status":"closed","sticky":false,"template":"","format":"standard","meta":{"ngg_post_thumbnail":0,"footnotes":""},"categories":[1],"tags":[],"class_list":["post-4527","post","type-post","status-publish","format-standard","has-post-thumbnail","hentry","category-szent-piroska-gorogkatolikus-altalanos-iskola"],"_links":{"self":[{"href":"https:\/\/www.szentpiroskanyiracsad.hu\/index.php?rest_route=\/wp\/v2\/posts\/4527","targetHints":{"allow":["GET"]}}],"collection":[{"href":"https:\/\/www.szentpiroskanyiracsad.hu\/index.php?rest_route=\/wp\/v2\/posts"}],"about":[{"href":"https:\/\/www.szentpiroskanyiracsad.hu\/index.php?rest_route=\/wp\/v2\/types\/post"}],"author":[{"embeddable":true,"href":"https:\/\/www.szentpiroskanyiracsad.hu\/index.php?rest_route=\/wp\/v2\/users\/1"}],"replies":[{"embeddable":true,"href":"https:\/\/www.szentpiroskanyiracsad.hu\/index.php?rest_route=%2Fwp%2Fv2%2Fcomments&post=4527"}],"version-history":[{"count":1,"href":"https:\/\/www.szentpiroskanyiracsad.hu\/index.php?rest_route=\/wp\/v2\/posts\/4527\/revisions"}],"predecessor-version":[{"id":4530,"href":"https:\/\/www.szentpiroskanyiracsad.hu\/index.php?rest_route=\/wp\/v2\/posts\/4527\/revisions\/4530"}],"wp:featuredmedia":[{"embeddable":true,"href":"https:\/\/www.szentpiroskanyiracsad.hu\/index.php?rest_route=\/wp\/v2\/media\/4529"}],"wp:attachment":[{"href":"https:\/\/www.szentpiroskanyiracsad.hu\/index.php?rest_route=%2Fwp%2Fv2%2Fmedia&parent=4527"}],"wp:term":[{"taxonomy":"category","embeddable":true,"href":"https:\/\/www.szentpiroskanyiracsad.hu\/index.php?rest_route=%2Fwp%2Fv2%2Fcategories&post=4527"},{"taxonomy":"post_tag","embeddable":true,"href":"https:\/\/www.szentpiroskanyiracsad.hu\/index.php?rest_route=%2Fwp%2Fv2%2Ftags&post=4527"}],"curies":[{"name":"wp","href":"https:\/\/api.w.org\/{rel}","templated":true}]}}