{"id":4916,"date":"2024-02-27T09:39:00","date_gmt":"2024-02-27T09:39:00","guid":{"rendered":"https:\/\/www.szentpiroskanyiracsad.hu\/?p=4916"},"modified":"2024-03-01T09:40:20","modified_gmt":"2024-03-01T09:40:20","slug":"tiszan-innen-dunan-tul","status":"publish","type":"post","link":"https:\/\/www.szentpiroskanyiracsad.hu\/?p=4916","title":{"rendered":"\u201e Tisz\u00e1n innen, Dun\u00e1n t\u00fal\u201d"},"content":{"rendered":"\n<p>A mai napon ker\u00fclt megrendez\u00e9sre Debrecenben a \u201e Tisz\u00e1n innen, Dun\u00e1n t\u00fal\u201d orsz\u00e1gos n\u00e9pdal\u00e9nekl\u00e9si min\u0151s\u00edt\u0151 verseny. A megm\u00e9rettet\u00e9sen t\u00f6bb kateg\u00f3ri\u00e1ban v\u00e1rt\u00e1k a nevez\u00e9seket, iskol\u00e1nkat 3 kateg\u00f3ri\u00e1ban k\u00e9pviselt\u00e9k tanul\u00f3ink.<\/p>\n\n\n\n<p>5-6. \u00e9vfolyam korcsoportj\u00e1ban Tulip\u00e1n Janka ny\u00edrs\u00e9gi n\u00e9pdalokat \u00e9nekelt, amit a szakmai zs\u0171ri ez\u00fcst fokozattal \u00e9rt\u00e9kelt.<\/p>\n\n\n\n<p>7-8. \u00e9vfolyam korcsoportj\u00e1ban Szab\u00f3 Gr\u00e9ta s\u00e1rk\u00f6zi n\u00e9pdalokkal arany fokozatot \u00e9rt el.<\/p>\n\n\n\n<p>5-6. \u00e9vfolyam csoportos egy\u00fcttesek kateg\u00f3ri\u00e1j\u00e1ban <a><\/a>az 5. a oszt\u00e1lyos tanul\u00f3ink \u2013 Hamza Bella, Szab\u00f3 Hanna, Szil\u00e1gyi Vivien, Tulip\u00e1n Janka, Tulip\u00e1n J\u00e1nos- bihari n\u00e9pdalokkal ez\u00fcst min\u0151s\u00edt\u00e9st kaptak.<\/p>\n\n\n\n<p>Felk\u00e9sz\u00edt\u0151 tan\u00e1ruk: T\u00f3thn\u00e9 Szab\u00f3 Mariann<\/p>\n\n\n\n<p>Gratul\u00e1lunk az el\u00e9rt eredm\u00e9nyekhez \u00e9s tov\u00e1bbi sok sikert k\u00edv\u00e1nunk munk\u00e1jukhoz!<\/p>\n\n\n\n<figure class=\"wp-block-gallery has-nested-images columns-default is-cropped wp-block-gallery-1 is-layout-flex wp-block-gallery-is-layout-flex\">\n<figure class=\"wp-block-image size-large\"><img loading=\"lazy\" decoding=\"async\" width=\"1024\" height=\"766\" data-id=\"4917\" src=\"https:\/\/www.szentpiroskanyiracsad.hu\/wp-content\/uploads\/2024\/03\/409088759_1587758538661362_3196710210588285994_n-1024x766.jpg\" alt=\"\" class=\"wp-image-4917\" srcset=\"https:\/\/www.szentpiroskanyiracsad.hu\/wp-content\/uploads\/2024\/03\/409088759_1587758538661362_3196710210588285994_n-1024x766.jpg 1024w, https:\/\/www.szentpiroskanyiracsad.hu\/wp-content\/uploads\/2024\/03\/409088759_1587758538661362_3196710210588285994_n-300x224.jpg 300w, https:\/\/www.szentpiroskanyiracsad.hu\/wp-content\/uploads\/2024\/03\/409088759_1587758538661362_3196710210588285994_n-768x575.jpg 768w, https:\/\/www.szentpiroskanyiracsad.hu\/wp-content\/uploads\/2024\/03\/409088759_1587758538661362_3196710210588285994_n-1536x1149.jpg 1536w, https:\/\/www.szentpiroskanyiracsad.hu\/wp-content\/uploads\/2024\/03\/409088759_1587758538661362_3196710210588285994_n.jpg 2048w\" sizes=\"auto, (max-width: 1024px) 100vw, 1024px\" \/><\/figure>\n\n\n\n<figure class=\"wp-block-image size-large\"><img loading=\"lazy\" decoding=\"async\" width=\"1024\" height=\"766\" data-id=\"4918\" src=\"https:\/\/www.szentpiroskanyiracsad.hu\/wp-content\/uploads\/2024\/03\/429662506_1587758605328022_3445572620254321744_n-1024x766.jpg\" alt=\"\" class=\"wp-image-4918\" srcset=\"https:\/\/www.szentpiroskanyiracsad.hu\/wp-content\/uploads\/2024\/03\/429662506_1587758605328022_3445572620254321744_n-1024x766.jpg 1024w, https:\/\/www.szentpiroskanyiracsad.hu\/wp-content\/uploads\/2024\/03\/429662506_1587758605328022_3445572620254321744_n-300x224.jpg 300w, https:\/\/www.szentpiroskanyiracsad.hu\/wp-content\/uploads\/2024\/03\/429662506_1587758605328022_3445572620254321744_n-768x575.jpg 768w, https:\/\/www.szentpiroskanyiracsad.hu\/wp-content\/uploads\/2024\/03\/429662506_1587758605328022_3445572620254321744_n-1536x1149.jpg 1536w, https:\/\/www.szentpiroskanyiracsad.hu\/wp-content\/uploads\/2024\/03\/429662506_1587758605328022_3445572620254321744_n.jpg 2048w\" sizes=\"auto, (max-width: 1024px) 100vw, 1024px\" \/><\/figure>\n<\/figure>\n","protected":false},"excerpt":{"rendered":"<p>A mai napon ker\u00fclt megrendez\u00e9sre Debrecenben a \u201e Tisz\u00e1n innen, Dun\u00e1n t\u00fal\u201d orsz\u00e1gos n\u00e9pdal\u00e9nekl\u00e9si min\u0151s\u00edt\u0151 [&hellip;]<\/p>\n","protected":false},"author":1,"featured_media":4919,"comment_status":"closed","ping_status":"closed","sticky":false,"template":"","format":"standard","meta":{"ngg_post_thumbnail":0,"footnotes":""},"categories":[1],"tags":[],"class_list":["post-4916","post","type-post","status-publish","format-standard","has-post-thumbnail","hentry","category-szent-piroska-gorogkatolikus-altalanos-iskola"],"_links":{"self":[{"href":"https:\/\/www.szentpiroskanyiracsad.hu\/index.php?rest_route=\/wp\/v2\/posts\/4916","targetHints":{"allow":["GET"]}}],"collection":[{"href":"https:\/\/www.szentpiroskanyiracsad.hu\/index.php?rest_route=\/wp\/v2\/posts"}],"about":[{"href":"https:\/\/www.szentpiroskanyiracsad.hu\/index.php?rest_route=\/wp\/v2\/types\/post"}],"author":[{"embeddable":true,"href":"https:\/\/www.szentpiroskanyiracsad.hu\/index.php?rest_route=\/wp\/v2\/users\/1"}],"replies":[{"embeddable":true,"href":"https:\/\/www.szentpiroskanyiracsad.hu\/index.php?rest_route=%2Fwp%2Fv2%2Fcomments&post=4916"}],"version-history":[{"count":1,"href":"https:\/\/www.szentpiroskanyiracsad.hu\/index.php?rest_route=\/wp\/v2\/posts\/4916\/revisions"}],"predecessor-version":[{"id":4920,"href":"https:\/\/www.szentpiroskanyiracsad.hu\/index.php?rest_route=\/wp\/v2\/posts\/4916\/revisions\/4920"}],"wp:featuredmedia":[{"embeddable":true,"href":"https:\/\/www.szentpiroskanyiracsad.hu\/index.php?rest_route=\/wp\/v2\/media\/4919"}],"wp:attachment":[{"href":"https:\/\/www.szentpiroskanyiracsad.hu\/index.php?rest_route=%2Fwp%2Fv2%2Fmedia&parent=4916"}],"wp:term":[{"taxonomy":"category","embeddable":true,"href":"https:\/\/www.szentpiroskanyiracsad.hu\/index.php?rest_route=%2Fwp%2Fv2%2Fcategories&post=4916"},{"taxonomy":"post_tag","embeddable":true,"href":"https:\/\/www.szentpiroskanyiracsad.hu\/index.php?rest_route=%2Fwp%2Fv2%2Ftags&post=4916"}],"curies":[{"name":"wp","href":"https:\/\/api.w.org\/{rel}","templated":true}]}}