{"id":5228,"date":"2024-05-02T05:33:00","date_gmt":"2024-05-02T05:33:00","guid":{"rendered":"https:\/\/www.szentpiroskanyiracsad.hu\/?p=5228"},"modified":"2024-05-09T05:34:48","modified_gmt":"2024-05-09T05:34:48","slug":"hatalmas-angol-nyelvu-versenysikerek","status":"publish","type":"post","link":"https:\/\/www.szentpiroskanyiracsad.hu\/?p=5228","title":{"rendered":"Hatalmas angol nyelv\u0171 versenysikerek"},"content":{"rendered":"\n<p>A mai d\u00e9lut\u00e1non ker\u00fclt sor a ny\u00edrlugosi Szent P\u00e9ter \u00e9s P\u00e1l G\u00f6r\u00f6gkatolikus \u00c1ltal\u00e1nos Iskola \u00e1ltal imm\u00e1r X. alkalommal megrendezett idegen nyelvi verseny eredm\u00e9nyhirdet\u00e9s\u00e9re. Iskol\u00e1nk tanul\u00f3i rendszeres r\u00e9sztvev\u0151i a megm\u00e9rettet\u00e9snek. Id\u00e9n 16 iskol\u00e1b\u00f3l t\u00f6bb mint 250 tanul\u00f3 k\u00f6z\u00fcl ker\u00fcltek ki a legjobbak. A k\u00e9t dobog\u00f3s helyez\u00e9s ez\u00e9rt is k\u00fcl\u00f6n\u00f6sen nagyon \u00e9rt\u00e9kes \u00e9s ezzel is \u00f6regb\u00edtett\u00e9k iskol\u00e1nk h\u00edrnev\u00e9t. Az 5. \u00e9vfolyamosokn\u00e1l M\u00e1szlai Georgina 1. <a><\/a>helyez\u00e9st \u00e9rt el, felk\u00e9sz\u00edt\u0151 tan\u00e1ra Ill\u00e9s Gabriella. A 6. \u00e9vfolyamosok k\u00f6z\u00fcl Klincsek-Hamecz-Csepke 3. helyezett lett, felk\u00e9sz\u00edt\u0151 tan\u00e1ra Demeter \u00c1gnes. Gratul\u00e1lunk a versenyz\u0151knek \u00e9s pedag\u00f3gusaiknak. KGYZE<\/p>\n\n\n\n<figure class=\"wp-block-gallery has-nested-images columns-default is-cropped wp-block-gallery-1 is-layout-flex wp-block-gallery-is-layout-flex\">\n<figure class=\"wp-block-image size-large\"><img loading=\"lazy\" decoding=\"async\" width=\"768\" height=\"1024\" data-id=\"5232\" src=\"https:\/\/www.szentpiroskanyiracsad.hu\/wp-content\/uploads\/2024\/05\/438102679_1624664038304145_4539148360413897715_n-768x1024.jpg\" alt=\"\" class=\"wp-image-5232\" srcset=\"https:\/\/www.szentpiroskanyiracsad.hu\/wp-content\/uploads\/2024\/05\/438102679_1624664038304145_4539148360413897715_n-768x1024.jpg 768w, https:\/\/www.szentpiroskanyiracsad.hu\/wp-content\/uploads\/2024\/05\/438102679_1624664038304145_4539148360413897715_n-225x300.jpg 225w, https:\/\/www.szentpiroskanyiracsad.hu\/wp-content\/uploads\/2024\/05\/438102679_1624664038304145_4539148360413897715_n-1152x1536.jpg 1152w, https:\/\/www.szentpiroskanyiracsad.hu\/wp-content\/uploads\/2024\/05\/438102679_1624664038304145_4539148360413897715_n.jpg 1536w\" sizes=\"auto, (max-width: 768px) 100vw, 768px\" \/><\/figure>\n\n\n\n<figure class=\"wp-block-image size-large\"><img loading=\"lazy\" decoding=\"async\" width=\"1024\" height=\"768\" data-id=\"5230\" src=\"https:\/\/www.szentpiroskanyiracsad.hu\/wp-content\/uploads\/2024\/05\/438119726_1624663974970818_5628122436086012390_n-1024x768.jpg\" alt=\"\" class=\"wp-image-5230\" srcset=\"https:\/\/www.szentpiroskanyiracsad.hu\/wp-content\/uploads\/2024\/05\/438119726_1624663974970818_5628122436086012390_n-1024x768.jpg 1024w, https:\/\/www.szentpiroskanyiracsad.hu\/wp-content\/uploads\/2024\/05\/438119726_1624663974970818_5628122436086012390_n-300x225.jpg 300w, https:\/\/www.szentpiroskanyiracsad.hu\/wp-content\/uploads\/2024\/05\/438119726_1624663974970818_5628122436086012390_n-768x576.jpg 768w, https:\/\/www.szentpiroskanyiracsad.hu\/wp-content\/uploads\/2024\/05\/438119726_1624663974970818_5628122436086012390_n-1536x1152.jpg 1536w, https:\/\/www.szentpiroskanyiracsad.hu\/wp-content\/uploads\/2024\/05\/438119726_1624663974970818_5628122436086012390_n.jpg 2048w\" sizes=\"auto, (max-width: 1024px) 100vw, 1024px\" \/><\/figure>\n\n\n\n<figure class=\"wp-block-image size-large\"><img loading=\"lazy\" decoding=\"async\" width=\"1024\" height=\"768\" data-id=\"5231\" src=\"https:\/\/www.szentpiroskanyiracsad.hu\/wp-content\/uploads\/2024\/05\/439255483_1624664021637480_7084347010893043702_n-1024x768.jpg\" alt=\"\" class=\"wp-image-5231\" srcset=\"https:\/\/www.szentpiroskanyiracsad.hu\/wp-content\/uploads\/2024\/05\/439255483_1624664021637480_7084347010893043702_n-1024x768.jpg 1024w, https:\/\/www.szentpiroskanyiracsad.hu\/wp-content\/uploads\/2024\/05\/439255483_1624664021637480_7084347010893043702_n-300x225.jpg 300w, https:\/\/www.szentpiroskanyiracsad.hu\/wp-content\/uploads\/2024\/05\/439255483_1624664021637480_7084347010893043702_n-768x576.jpg 768w, https:\/\/www.szentpiroskanyiracsad.hu\/wp-content\/uploads\/2024\/05\/439255483_1624664021637480_7084347010893043702_n-1536x1152.jpg 1536w, https:\/\/www.szentpiroskanyiracsad.hu\/wp-content\/uploads\/2024\/05\/439255483_1624664021637480_7084347010893043702_n.jpg 2048w\" sizes=\"auto, (max-width: 1024px) 100vw, 1024px\" \/><\/figure>\n\n\n\n<figure class=\"wp-block-image size-large\"><img loading=\"lazy\" decoding=\"async\" width=\"1024\" height=\"768\" data-id=\"5229\" src=\"https:\/\/www.szentpiroskanyiracsad.hu\/wp-content\/uploads\/2024\/05\/440858130_1624663964970819_1649629992818970574_n-1024x768.jpg\" alt=\"\" class=\"wp-image-5229\" srcset=\"https:\/\/www.szentpiroskanyiracsad.hu\/wp-content\/uploads\/2024\/05\/440858130_1624663964970819_1649629992818970574_n-1024x768.jpg 1024w, https:\/\/www.szentpiroskanyiracsad.hu\/wp-content\/uploads\/2024\/05\/440858130_1624663964970819_1649629992818970574_n-300x225.jpg 300w, https:\/\/www.szentpiroskanyiracsad.hu\/wp-content\/uploads\/2024\/05\/440858130_1624663964970819_1649629992818970574_n-768x576.jpg 768w, https:\/\/www.szentpiroskanyiracsad.hu\/wp-content\/uploads\/2024\/05\/440858130_1624663964970819_1649629992818970574_n-1536x1152.jpg 1536w, https:\/\/www.szentpiroskanyiracsad.hu\/wp-content\/uploads\/2024\/05\/440858130_1624663964970819_1649629992818970574_n.jpg 2048w\" sizes=\"auto, (max-width: 1024px) 100vw, 1024px\" \/><\/figure>\n<\/figure>\n","protected":false},"excerpt":{"rendered":"<p>A mai d\u00e9lut\u00e1non ker\u00fclt sor a ny\u00edrlugosi Szent P\u00e9ter \u00e9s P\u00e1l G\u00f6r\u00f6gkatolikus \u00c1ltal\u00e1nos Iskola \u00e1ltal [&hellip;]<\/p>\n","protected":false},"author":1,"featured_media":5233,"comment_status":"closed","ping_status":"closed","sticky":false,"template":"","format":"standard","meta":{"ngg_post_thumbnail":0,"footnotes":""},"categories":[1],"tags":[],"class_list":["post-5228","post","type-post","status-publish","format-standard","has-post-thumbnail","hentry","category-szent-piroska-gorogkatolikus-altalanos-iskola"],"_links":{"self":[{"href":"https:\/\/www.szentpiroskanyiracsad.hu\/index.php?rest_route=\/wp\/v2\/posts\/5228","targetHints":{"allow":["GET"]}}],"collection":[{"href":"https:\/\/www.szentpiroskanyiracsad.hu\/index.php?rest_route=\/wp\/v2\/posts"}],"about":[{"href":"https:\/\/www.szentpiroskanyiracsad.hu\/index.php?rest_route=\/wp\/v2\/types\/post"}],"author":[{"embeddable":true,"href":"https:\/\/www.szentpiroskanyiracsad.hu\/index.php?rest_route=\/wp\/v2\/users\/1"}],"replies":[{"embeddable":true,"href":"https:\/\/www.szentpiroskanyiracsad.hu\/index.php?rest_route=%2Fwp%2Fv2%2Fcomments&post=5228"}],"version-history":[{"count":1,"href":"https:\/\/www.szentpiroskanyiracsad.hu\/index.php?rest_route=\/wp\/v2\/posts\/5228\/revisions"}],"predecessor-version":[{"id":5234,"href":"https:\/\/www.szentpiroskanyiracsad.hu\/index.php?rest_route=\/wp\/v2\/posts\/5228\/revisions\/5234"}],"wp:featuredmedia":[{"embeddable":true,"href":"https:\/\/www.szentpiroskanyiracsad.hu\/index.php?rest_route=\/wp\/v2\/media\/5233"}],"wp:attachment":[{"href":"https:\/\/www.szentpiroskanyiracsad.hu\/index.php?rest_route=%2Fwp%2Fv2%2Fmedia&parent=5228"}],"wp:term":[{"taxonomy":"category","embeddable":true,"href":"https:\/\/www.szentpiroskanyiracsad.hu\/index.php?rest_route=%2Fwp%2Fv2%2Fcategories&post=5228"},{"taxonomy":"post_tag","embeddable":true,"href":"https:\/\/www.szentpiroskanyiracsad.hu\/index.php?rest_route=%2Fwp%2Fv2%2Ftags&post=5228"}],"curies":[{"name":"wp","href":"https:\/\/api.w.org\/{rel}","templated":true}]}}