{"id":8355,"date":"2025-03-24T09:18:55","date_gmt":"2025-03-24T09:18:55","guid":{"rendered":"https:\/\/www.szentpiroskanyiracsad.hu\/?p=8355"},"modified":"2025-03-24T09:18:56","modified_gmt":"2025-03-24T09:18:56","slug":"hidember","status":"publish","type":"post","link":"https:\/\/www.szentpiroskanyiracsad.hu\/?p=8355","title":{"rendered":"H\u00eddember"},"content":{"rendered":"\n<p>M\u00e1rcius 19-\u00e9n iskol\u00e1nk h\u00e1rom tanul\u00f3ja vett r\u00e9szt a Budapesten a Szent Anna G\u00f6r\u00f6gkatolikus Gimn\u00e1zium \u00e9s Technikum \u00e1ltal megrendezett \u201eH\u00eddember\u201d elnevez\u00e9s\u0171 orsz\u00e1gos t\u00f6rt\u00e9nelem versenyen. A csapat tagjainak \u2013 Br\u00f3di Bert\u00e1nak, Magyar Jank\u00e1nak \u00e9s Szab\u00f3 Gr\u00e9t\u00e1nak \u2013 t\u00f6bb el\u0151zetes feladatot kellett megoldani, p\u00e9ld\u00e1ul olvasni, filmet n\u00e9zni, \u00edgy jutottak el az orsz\u00e1gos d\u00f6nt\u0151ig. A f\u0151v\u00e1rosi versenyen \u00edr\u00e1sbeli feladatlapot oldottak meg, majd plak\u00e1tot is k\u00e9sz\u00edtettek. A l\u00e1nyok teljes\u00edtm\u00e9ny\u00e9t eml\u00e9klappal jutalmazt\u00e1k. Felk\u00e9sz\u00edt\u0151j\u00fck Sz\u00e9kely Bence tan\u00e1r \u00far volt, a csapatot Czentye Anik\u00f3 tan\u00e1rn\u0151 k\u00eds\u00e9rte el. KGYZE<\/p>\n","protected":false},"excerpt":{"rendered":"<p>M\u00e1rcius 19-\u00e9n iskol\u00e1nk h\u00e1rom tanul\u00f3ja vett r\u00e9szt a Budapesten a Szent Anna G\u00f6r\u00f6gkatolikus Gimn\u00e1zium \u00e9s [&hellip;]<\/p>\n","protected":false},"author":1,"featured_media":8356,"comment_status":"closed","ping_status":"closed","sticky":false,"template":"","format":"standard","meta":{"ngg_post_thumbnail":0,"footnotes":""},"categories":[1],"tags":[],"class_list":["post-8355","post","type-post","status-publish","format-standard","has-post-thumbnail","hentry","category-szent-piroska-gorogkatolikus-altalanos-iskola"],"_links":{"self":[{"href":"https:\/\/www.szentpiroskanyiracsad.hu\/index.php?rest_route=\/wp\/v2\/posts\/8355","targetHints":{"allow":["GET"]}}],"collection":[{"href":"https:\/\/www.szentpiroskanyiracsad.hu\/index.php?rest_route=\/wp\/v2\/posts"}],"about":[{"href":"https:\/\/www.szentpiroskanyiracsad.hu\/index.php?rest_route=\/wp\/v2\/types\/post"}],"author":[{"embeddable":true,"href":"https:\/\/www.szentpiroskanyiracsad.hu\/index.php?rest_route=\/wp\/v2\/users\/1"}],"replies":[{"embeddable":true,"href":"https:\/\/www.szentpiroskanyiracsad.hu\/index.php?rest_route=%2Fwp%2Fv2%2Fcomments&post=8355"}],"version-history":[{"count":1,"href":"https:\/\/www.szentpiroskanyiracsad.hu\/index.php?rest_route=\/wp\/v2\/posts\/8355\/revisions"}],"predecessor-version":[{"id":8357,"href":"https:\/\/www.szentpiroskanyiracsad.hu\/index.php?rest_route=\/wp\/v2\/posts\/8355\/revisions\/8357"}],"wp:featuredmedia":[{"embeddable":true,"href":"https:\/\/www.szentpiroskanyiracsad.hu\/index.php?rest_route=\/wp\/v2\/media\/8356"}],"wp:attachment":[{"href":"https:\/\/www.szentpiroskanyiracsad.hu\/index.php?rest_route=%2Fwp%2Fv2%2Fmedia&parent=8355"}],"wp:term":[{"taxonomy":"category","embeddable":true,"href":"https:\/\/www.szentpiroskanyiracsad.hu\/index.php?rest_route=%2Fwp%2Fv2%2Fcategories&post=8355"},{"taxonomy":"post_tag","embeddable":true,"href":"https:\/\/www.szentpiroskanyiracsad.hu\/index.php?rest_route=%2Fwp%2Fv2%2Ftags&post=8355"}],"curies":[{"name":"wp","href":"https:\/\/api.w.org\/{rel}","templated":true}]}}