{"id":8459,"date":"2025-03-31T07:48:00","date_gmt":"2025-03-31T07:48:00","guid":{"rendered":"https:\/\/www.szentpiroskanyiracsad.hu\/?p=8459"},"modified":"2025-04-09T07:49:01","modified_gmt":"2025-04-09T07:49:01","slug":"babszem-janko","status":"publish","type":"post","link":"https:\/\/www.szentpiroskanyiracsad.hu\/?p=8459","title":{"rendered":"Babszem Jank\u00f3"},"content":{"rendered":"\n<p>M\u00e1rcius v\u00e9g\u00e9n ker\u00fclt sor a sok \u00e9vtizedes hagyom\u00e1nnyal rendelkez\u0151 Babszem Jank\u00f3 nevet visel\u0151 n\u00e9pmesemond\u00f3 verseny orsz\u00e1gos fordul\u00f3j\u00e1ra. Tanul\u00f3ink minden \u00e9vben k\u00e9pviselik iskol\u00e1nkat, \u00edgy id\u00e9n is szebbn\u00e9l szebb n\u00e9pmes\u00e9ket vittek magukkal az orsz\u00e1gos megm\u00e9rettet\u00e9sre. A zs\u0171ri eml\u00e9klappal jutalmazta el\u0151ad\u00e1sukat. Minden versenyz\u0151nek \u00e9s felk\u00e9sz\u00edt\u0151 tan\u00e1rnak sz\u00edvb\u0151l gratul\u00e1lunk.<\/p>\n\n\n\n<p>R\u00e9sztvev\u0151k:<\/p>\n\n\n\n<p>1. \u00e9vf.: Katona N\u00e1ndor (Felk.: Matiln\u00e9 Boll\u00f3k Nikolett)<\/p>\n\n\n\n<p>2.\u00e9vf.: Menyh\u00e9rt Bella, Petrovics \u00c1ron <a><\/a>(Felk.: Madar\u00e1szn\u00e9 Mindig Erzs\u00e9bet)<\/p>\n\n\n\n<p>3. \u00e9vf.: Nemes Norina (Felk: Czap\u00e1r G\u00e1born\u00e9), Suga Borb\u00e1la (Felk.: Br\u00f3di-B\u00e1lega Anna)<\/p>\n\n\n\n<p>4. \u00e9vf.: Kerezsi Gerg\u0151 (Felk.: Szab\u00f3n\u00e9 B\u00e1lega Ilona), Csontos P\u00e9ter (Felk.: Czenty\u00e9n\u00e9 Kerti Judit) KGYZE<\/p>\n","protected":false},"excerpt":{"rendered":"<p>M\u00e1rcius v\u00e9g\u00e9n ker\u00fclt sor a sok \u00e9vtizedes hagyom\u00e1nnyal rendelkez\u0151 Babszem Jank\u00f3 nevet visel\u0151 n\u00e9pmesemond\u00f3 verseny [&hellip;]<\/p>\n","protected":false},"author":1,"featured_media":8460,"comment_status":"closed","ping_status":"closed","sticky":false,"template":"","format":"standard","meta":{"ngg_post_thumbnail":0,"footnotes":""},"categories":[1],"tags":[],"class_list":["post-8459","post","type-post","status-publish","format-standard","has-post-thumbnail","hentry","category-szent-piroska-gorogkatolikus-altalanos-iskola"],"_links":{"self":[{"href":"https:\/\/www.szentpiroskanyiracsad.hu\/index.php?rest_route=\/wp\/v2\/posts\/8459","targetHints":{"allow":["GET"]}}],"collection":[{"href":"https:\/\/www.szentpiroskanyiracsad.hu\/index.php?rest_route=\/wp\/v2\/posts"}],"about":[{"href":"https:\/\/www.szentpiroskanyiracsad.hu\/index.php?rest_route=\/wp\/v2\/types\/post"}],"author":[{"embeddable":true,"href":"https:\/\/www.szentpiroskanyiracsad.hu\/index.php?rest_route=\/wp\/v2\/users\/1"}],"replies":[{"embeddable":true,"href":"https:\/\/www.szentpiroskanyiracsad.hu\/index.php?rest_route=%2Fwp%2Fv2%2Fcomments&post=8459"}],"version-history":[{"count":1,"href":"https:\/\/www.szentpiroskanyiracsad.hu\/index.php?rest_route=\/wp\/v2\/posts\/8459\/revisions"}],"predecessor-version":[{"id":8461,"href":"https:\/\/www.szentpiroskanyiracsad.hu\/index.php?rest_route=\/wp\/v2\/posts\/8459\/revisions\/8461"}],"wp:featuredmedia":[{"embeddable":true,"href":"https:\/\/www.szentpiroskanyiracsad.hu\/index.php?rest_route=\/wp\/v2\/media\/8460"}],"wp:attachment":[{"href":"https:\/\/www.szentpiroskanyiracsad.hu\/index.php?rest_route=%2Fwp%2Fv2%2Fmedia&parent=8459"}],"wp:term":[{"taxonomy":"category","embeddable":true,"href":"https:\/\/www.szentpiroskanyiracsad.hu\/index.php?rest_route=%2Fwp%2Fv2%2Fcategories&post=8459"},{"taxonomy":"post_tag","embeddable":true,"href":"https:\/\/www.szentpiroskanyiracsad.hu\/index.php?rest_route=%2Fwp%2Fv2%2Ftags&post=8459"}],"curies":[{"name":"wp","href":"https:\/\/api.w.org\/{rel}","templated":true}]}}