{"id":8596,"date":"2025-04-16T10:54:03","date_gmt":"2025-04-16T10:54:03","guid":{"rendered":"https:\/\/www.szentpiroskanyiracsad.hu\/?p=8596"},"modified":"2025-04-16T10:54:05","modified_gmt":"2025-04-16T10:54:05","slug":"istenes-versek","status":"publish","type":"post","link":"https:\/\/www.szentpiroskanyiracsad.hu\/?p=8596","title":{"rendered":"Istenes versek"},"content":{"rendered":"\n<p>A Szent L\u00e1szl\u00f3 G\u00f6r\u00f6gkatolikus Gimn\u00e1zium \u00e9s Technikum Istenes versek c\u00edmmel hirdetett szaval\u00f3versenyt 7-8. \u00e9vfolyamosok, valamint k\u00f6z\u00e9piskol\u00e1sok sz\u00e1m\u00e1ra. A di\u00e1koknak J\u00f3zsef Attila Istenem c\u00edm\u0171 vers\u00e9t, \u00e9s egy szabadon v\u00e1lasztott k\u00f6ltem\u00e9nyt kellett el\u0151adni. Sz\u00fccs Martin iskol\u00e1nk 8. b oszt\u00e1lyos tanul\u00f3ja 2. helyez\u00e9st \u00e9rt el a versenyen. Gratul\u00e1lunk Martinnak, \u00e9s felk\u00e9sz\u00edt\u0151 tan\u00e1r\u00e1nak, Czentye Anik\u00f3nak. KGYZE<\/p>\n\n\n\n<p><\/p>\n","protected":false},"excerpt":{"rendered":"<p>A Szent L\u00e1szl\u00f3 G\u00f6r\u00f6gkatolikus Gimn\u00e1zium \u00e9s Technikum Istenes versek c\u00edmmel hirdetett szaval\u00f3versenyt 7-8. \u00e9vfolyamosok, valamint [&hellip;]<\/p>\n","protected":false},"author":1,"featured_media":8597,"comment_status":"closed","ping_status":"closed","sticky":false,"template":"","format":"standard","meta":{"ngg_post_thumbnail":0,"footnotes":""},"categories":[1],"tags":[],"class_list":["post-8596","post","type-post","status-publish","format-standard","has-post-thumbnail","hentry","category-szent-piroska-gorogkatolikus-altalanos-iskola"],"_links":{"self":[{"href":"https:\/\/www.szentpiroskanyiracsad.hu\/index.php?rest_route=\/wp\/v2\/posts\/8596","targetHints":{"allow":["GET"]}}],"collection":[{"href":"https:\/\/www.szentpiroskanyiracsad.hu\/index.php?rest_route=\/wp\/v2\/posts"}],"about":[{"href":"https:\/\/www.szentpiroskanyiracsad.hu\/index.php?rest_route=\/wp\/v2\/types\/post"}],"author":[{"embeddable":true,"href":"https:\/\/www.szentpiroskanyiracsad.hu\/index.php?rest_route=\/wp\/v2\/users\/1"}],"replies":[{"embeddable":true,"href":"https:\/\/www.szentpiroskanyiracsad.hu\/index.php?rest_route=%2Fwp%2Fv2%2Fcomments&post=8596"}],"version-history":[{"count":1,"href":"https:\/\/www.szentpiroskanyiracsad.hu\/index.php?rest_route=\/wp\/v2\/posts\/8596\/revisions"}],"predecessor-version":[{"id":8598,"href":"https:\/\/www.szentpiroskanyiracsad.hu\/index.php?rest_route=\/wp\/v2\/posts\/8596\/revisions\/8598"}],"wp:featuredmedia":[{"embeddable":true,"href":"https:\/\/www.szentpiroskanyiracsad.hu\/index.php?rest_route=\/wp\/v2\/media\/8597"}],"wp:attachment":[{"href":"https:\/\/www.szentpiroskanyiracsad.hu\/index.php?rest_route=%2Fwp%2Fv2%2Fmedia&parent=8596"}],"wp:term":[{"taxonomy":"category","embeddable":true,"href":"https:\/\/www.szentpiroskanyiracsad.hu\/index.php?rest_route=%2Fwp%2Fv2%2Fcategories&post=8596"},{"taxonomy":"post_tag","embeddable":true,"href":"https:\/\/www.szentpiroskanyiracsad.hu\/index.php?rest_route=%2Fwp%2Fv2%2Ftags&post=8596"}],"curies":[{"name":"wp","href":"https:\/\/api.w.org\/{rel}","templated":true}]}}