{"id":8728,"date":"2025-04-17T13:03:00","date_gmt":"2025-04-17T13:03:00","guid":{"rendered":"https:\/\/www.szentpiroskanyiracsad.hu\/?p=8728"},"modified":"2025-04-29T13:04:35","modified_gmt":"2025-04-29T13:04:35","slug":"iskolank-elete","status":"publish","type":"post","link":"https:\/\/www.szentpiroskanyiracsad.hu\/?p=8728","title":{"rendered":"Iskol\u00e1nk \u00e9lete"},"content":{"rendered":"\n<p>Gyarmati P\u00e9ter, a Kossuth R\u00e1di\u00f3 munkat\u00e1rsa interj\u00fat k\u00e9sz\u00edtett iskol\u00e1nk \u00e9let\u00e9r\u0151l. Besz\u00e9lgetett Kocsis F\u00fcl\u00f6p metropolita aty\u00e1val, Garda L\u00e1szl\u00f3 igazgat\u00f3 \u00farral, n\u00e9h\u00e1ny pedag\u00f3gus koll\u00e9g\u00e1val, egy sz\u00fcl\u0151vel, \u00e9s iskol\u00e1nk egyik di\u00e1kj\u00e1val is. Az interj\u00fa H\u00fasv\u00e9tvas\u00e1rnap reggel 8 \u00f3ra ut\u00e1n a Kossuth R\u00e1di\u00f3ban lesz hallhat\u00f3.<\/p>\n\n\n\n<figure class=\"wp-block-gallery has-nested-images columns-default is-cropped wp-block-gallery-1 is-layout-flex wp-block-gallery-is-layout-flex\">\n<figure class=\"wp-block-image size-large\"><img loading=\"lazy\" decoding=\"async\" width=\"1024\" height=\"685\" data-id=\"8731\" src=\"https:\/\/www.szentpiroskanyiracsad.hu\/wp-content\/uploads\/2025\/04\/491831989_1868647043905842_7414727228165556689_n-1024x685.jpg\" alt=\"\" class=\"wp-image-8731\" srcset=\"https:\/\/www.szentpiroskanyiracsad.hu\/wp-content\/uploads\/2025\/04\/491831989_1868647043905842_7414727228165556689_n-1024x685.jpg 1024w, https:\/\/www.szentpiroskanyiracsad.hu\/wp-content\/uploads\/2025\/04\/491831989_1868647043905842_7414727228165556689_n-300x201.jpg 300w, https:\/\/www.szentpiroskanyiracsad.hu\/wp-content\/uploads\/2025\/04\/491831989_1868647043905842_7414727228165556689_n-768x513.jpg 768w, https:\/\/www.szentpiroskanyiracsad.hu\/wp-content\/uploads\/2025\/04\/491831989_1868647043905842_7414727228165556689_n-1536x1027.jpg 1536w, https:\/\/www.szentpiroskanyiracsad.hu\/wp-content\/uploads\/2025\/04\/491831989_1868647043905842_7414727228165556689_n.jpg 2048w\" sizes=\"auto, (max-width: 1024px) 100vw, 1024px\" \/><\/figure>\n\n\n\n<figure class=\"wp-block-image size-large\"><img loading=\"lazy\" decoding=\"async\" width=\"1024\" height=\"685\" data-id=\"8732\" src=\"https:\/\/www.szentpiroskanyiracsad.hu\/wp-content\/uploads\/2025\/04\/491934066_1868647040572509_3170404962353815188_n-1024x685.jpg\" alt=\"\" class=\"wp-image-8732\" srcset=\"https:\/\/www.szentpiroskanyiracsad.hu\/wp-content\/uploads\/2025\/04\/491934066_1868647040572509_3170404962353815188_n-1024x685.jpg 1024w, https:\/\/www.szentpiroskanyiracsad.hu\/wp-content\/uploads\/2025\/04\/491934066_1868647040572509_3170404962353815188_n-300x201.jpg 300w, https:\/\/www.szentpiroskanyiracsad.hu\/wp-content\/uploads\/2025\/04\/491934066_1868647040572509_3170404962353815188_n-768x513.jpg 768w, https:\/\/www.szentpiroskanyiracsad.hu\/wp-content\/uploads\/2025\/04\/491934066_1868647040572509_3170404962353815188_n-1536x1027.jpg 1536w, https:\/\/www.szentpiroskanyiracsad.hu\/wp-content\/uploads\/2025\/04\/491934066_1868647040572509_3170404962353815188_n.jpg 2048w\" sizes=\"auto, (max-width: 1024px) 100vw, 1024px\" \/><\/figure>\n\n\n\n<figure class=\"wp-block-image size-large\"><img loading=\"lazy\" decoding=\"async\" width=\"1024\" height=\"685\" data-id=\"8730\" src=\"https:\/\/www.szentpiroskanyiracsad.hu\/wp-content\/uploads\/2025\/04\/491934112_1868647110572502_6888526533279240990_n-1024x685.jpg\" alt=\"\" class=\"wp-image-8730\" srcset=\"https:\/\/www.szentpiroskanyiracsad.hu\/wp-content\/uploads\/2025\/04\/491934112_1868647110572502_6888526533279240990_n-1024x685.jpg 1024w, https:\/\/www.szentpiroskanyiracsad.hu\/wp-content\/uploads\/2025\/04\/491934112_1868647110572502_6888526533279240990_n-300x201.jpg 300w, https:\/\/www.szentpiroskanyiracsad.hu\/wp-content\/uploads\/2025\/04\/491934112_1868647110572502_6888526533279240990_n-768x513.jpg 768w, https:\/\/www.szentpiroskanyiracsad.hu\/wp-content\/uploads\/2025\/04\/491934112_1868647110572502_6888526533279240990_n-1536x1027.jpg 1536w, https:\/\/www.szentpiroskanyiracsad.hu\/wp-content\/uploads\/2025\/04\/491934112_1868647110572502_6888526533279240990_n.jpg 2048w\" sizes=\"auto, (max-width: 1024px) 100vw, 1024px\" \/><\/figure>\n\n\n\n<figure class=\"wp-block-image size-large\"><img loading=\"lazy\" decoding=\"async\" width=\"1024\" height=\"685\" data-id=\"8729\" src=\"https:\/\/www.szentpiroskanyiracsad.hu\/wp-content\/uploads\/2025\/04\/491947230_1868647033905843_343225279642973237_n-1024x685.jpg\" alt=\"\" class=\"wp-image-8729\" srcset=\"https:\/\/www.szentpiroskanyiracsad.hu\/wp-content\/uploads\/2025\/04\/491947230_1868647033905843_343225279642973237_n-1024x685.jpg 1024w, https:\/\/www.szentpiroskanyiracsad.hu\/wp-content\/uploads\/2025\/04\/491947230_1868647033905843_343225279642973237_n-300x201.jpg 300w, https:\/\/www.szentpiroskanyiracsad.hu\/wp-content\/uploads\/2025\/04\/491947230_1868647033905843_343225279642973237_n-768x513.jpg 768w, https:\/\/www.szentpiroskanyiracsad.hu\/wp-content\/uploads\/2025\/04\/491947230_1868647033905843_343225279642973237_n-1536x1027.jpg 1536w, https:\/\/www.szentpiroskanyiracsad.hu\/wp-content\/uploads\/2025\/04\/491947230_1868647033905843_343225279642973237_n.jpg 2048w\" sizes=\"auto, (max-width: 1024px) 100vw, 1024px\" \/><\/figure>\n<\/figure>\n","protected":false},"excerpt":{"rendered":"<p>Gyarmati P\u00e9ter, a Kossuth R\u00e1di\u00f3 munkat\u00e1rsa interj\u00fat k\u00e9sz\u00edtett iskol\u00e1nk \u00e9let\u00e9r\u0151l. Besz\u00e9lgetett Kocsis F\u00fcl\u00f6p metropolita aty\u00e1val, [&hellip;]<\/p>\n","protected":false},"author":1,"featured_media":8733,"comment_status":"closed","ping_status":"closed","sticky":false,"template":"","format":"standard","meta":{"ngg_post_thumbnail":0,"footnotes":""},"categories":[1],"tags":[],"class_list":["post-8728","post","type-post","status-publish","format-standard","has-post-thumbnail","hentry","category-szent-piroska-gorogkatolikus-altalanos-iskola"],"_links":{"self":[{"href":"https:\/\/www.szentpiroskanyiracsad.hu\/index.php?rest_route=\/wp\/v2\/posts\/8728","targetHints":{"allow":["GET"]}}],"collection":[{"href":"https:\/\/www.szentpiroskanyiracsad.hu\/index.php?rest_route=\/wp\/v2\/posts"}],"about":[{"href":"https:\/\/www.szentpiroskanyiracsad.hu\/index.php?rest_route=\/wp\/v2\/types\/post"}],"author":[{"embeddable":true,"href":"https:\/\/www.szentpiroskanyiracsad.hu\/index.php?rest_route=\/wp\/v2\/users\/1"}],"replies":[{"embeddable":true,"href":"https:\/\/www.szentpiroskanyiracsad.hu\/index.php?rest_route=%2Fwp%2Fv2%2Fcomments&post=8728"}],"version-history":[{"count":1,"href":"https:\/\/www.szentpiroskanyiracsad.hu\/index.php?rest_route=\/wp\/v2\/posts\/8728\/revisions"}],"predecessor-version":[{"id":8734,"href":"https:\/\/www.szentpiroskanyiracsad.hu\/index.php?rest_route=\/wp\/v2\/posts\/8728\/revisions\/8734"}],"wp:featuredmedia":[{"embeddable":true,"href":"https:\/\/www.szentpiroskanyiracsad.hu\/index.php?rest_route=\/wp\/v2\/media\/8733"}],"wp:attachment":[{"href":"https:\/\/www.szentpiroskanyiracsad.hu\/index.php?rest_route=%2Fwp%2Fv2%2Fmedia&parent=8728"}],"wp:term":[{"taxonomy":"category","embeddable":true,"href":"https:\/\/www.szentpiroskanyiracsad.hu\/index.php?rest_route=%2Fwp%2Fv2%2Fcategories&post=8728"},{"taxonomy":"post_tag","embeddable":true,"href":"https:\/\/www.szentpiroskanyiracsad.hu\/index.php?rest_route=%2Fwp%2Fv2%2Ftags&post=8728"}],"curies":[{"name":"wp","href":"https:\/\/api.w.org\/{rel}","templated":true}]}}