{"id":8756,"date":"2025-04-22T13:08:00","date_gmt":"2025-04-22T13:08:00","guid":{"rendered":"https:\/\/www.szentpiroskanyiracsad.hu\/?p=8756"},"modified":"2025-04-29T13:56:17","modified_gmt":"2025-04-29T13:56:17","slug":"ha-valaki-esetleg-lemadt-volna-rola-08-17-tol-van-iskolankrol-a-riport","status":"publish","type":"post","link":"https:\/\/www.szentpiroskanyiracsad.hu\/?p=8756","title":{"rendered":"Ha valaki esetleg lemaradt volna r\u00f3la. 08.17- t\u0151l van iskol\u00e1nkr\u00f3l a riport."},"content":{"rendered":"\n<p>Az al\u00e1bbi <a href=\"https:\/\/mediaklikk.hu\/radio-lejatszo-kossuth\/?date=2025-04-20_06-07-46&amp;enddate=2025-04-20_08-40-01&amp;ch=mr1&amp;fbclid=IwY2xjawJ9rpNleHRuA2FlbQIxMABicmlkETBpS09CSzJUYnVOeHRsc0FCAR7m8d8zgL2RZgSNNKSbm--pxr5OhdKT023TfjbsW_QY7ZbIooRF4Mxc_CRJow_aem_oNTez6oiQfb1m-HDU3NwHg\" data-type=\"link\" data-id=\"https:\/\/mediaklikk.hu\/radio-lejatszo-kossuth\/?date=2025-04-20_06-07-46&amp;enddate=2025-04-20_08-40-01&amp;ch=mr1&amp;fbclid=IwY2xjawJ9rpNleHRuA2FlbQIxMABicmlkETBpS09CSzJUYnVOeHRsc0FCAR7m8d8zgL2RZgSNNKSbm--pxr5OhdKT023TfjbsW_QY7ZbIooRF4Mxc_CRJow_aem_oNTez6oiQfb1m-HDU3NwHg\">linkre<\/a> kattintva hallgathat\u00f3 meg.<\/p>\n","protected":false},"excerpt":{"rendered":"<p>Az al\u00e1bbi linkre kattintva hallgathat\u00f3 meg.<\/p>\n","protected":false},"author":1,"featured_media":8774,"comment_status":"closed","ping_status":"closed","sticky":false,"template":"","format":"standard","meta":{"ngg_post_thumbnail":0,"footnotes":""},"categories":[1],"tags":[],"class_list":["post-8756","post","type-post","status-publish","format-standard","has-post-thumbnail","hentry","category-szent-piroska-gorogkatolikus-altalanos-iskola"],"_links":{"self":[{"href":"https:\/\/www.szentpiroskanyiracsad.hu\/index.php?rest_route=\/wp\/v2\/posts\/8756","targetHints":{"allow":["GET"]}}],"collection":[{"href":"https:\/\/www.szentpiroskanyiracsad.hu\/index.php?rest_route=\/wp\/v2\/posts"}],"about":[{"href":"https:\/\/www.szentpiroskanyiracsad.hu\/index.php?rest_route=\/wp\/v2\/types\/post"}],"author":[{"embeddable":true,"href":"https:\/\/www.szentpiroskanyiracsad.hu\/index.php?rest_route=\/wp\/v2\/users\/1"}],"replies":[{"embeddable":true,"href":"https:\/\/www.szentpiroskanyiracsad.hu\/index.php?rest_route=%2Fwp%2Fv2%2Fcomments&post=8756"}],"version-history":[{"count":2,"href":"https:\/\/www.szentpiroskanyiracsad.hu\/index.php?rest_route=\/wp\/v2\/posts\/8756\/revisions"}],"predecessor-version":[{"id":8773,"href":"https:\/\/www.szentpiroskanyiracsad.hu\/index.php?rest_route=\/wp\/v2\/posts\/8756\/revisions\/8773"}],"wp:featuredmedia":[{"embeddable":true,"href":"https:\/\/www.szentpiroskanyiracsad.hu\/index.php?rest_route=\/wp\/v2\/media\/8774"}],"wp:attachment":[{"href":"https:\/\/www.szentpiroskanyiracsad.hu\/index.php?rest_route=%2Fwp%2Fv2%2Fmedia&parent=8756"}],"wp:term":[{"taxonomy":"category","embeddable":true,"href":"https:\/\/www.szentpiroskanyiracsad.hu\/index.php?rest_route=%2Fwp%2Fv2%2Fcategories&post=8756"},{"taxonomy":"post_tag","embeddable":true,"href":"https:\/\/www.szentpiroskanyiracsad.hu\/index.php?rest_route=%2Fwp%2Fv2%2Ftags&post=8756"}],"curies":[{"name":"wp","href":"https:\/\/api.w.org\/{rel}","templated":true}]}}