{"id":8784,"date":"2025-05-05T07:28:00","date_gmt":"2025-05-05T07:28:00","guid":{"rendered":"https:\/\/www.szentpiroskanyiracsad.hu\/?p=8784"},"modified":"2025-05-07T07:28:57","modified_gmt":"2025-05-07T07:28:57","slug":"szuloklub-2","status":"publish","type":"post","link":"https:\/\/www.szentpiroskanyiracsad.hu\/?p=8784","title":{"rendered":"Sz\u00fcl\u0151klub"},"content":{"rendered":"\n<p>Kedves Sz\u00fcl\u0151k!<\/p>\n\n\n\n<p>God\u00f3 Ir\u00e9n pszichol\u00f3gus (mester diploma) vezet\u00e9s\u00e9vel ezen a h\u00e9ten is lesz Sz\u00fcl\u0151klub, melynek el\u0151z\u0151 t\u00e9m\u00e1j\u00e1t folytatjuk: L\u00e1thatatlan terhek \u2013 Iskolai b\u00e1ntalmaz\u00e1s \u00e9s szorong\u00e1s gy\u00f6kerei.<\/p>\n\n\n\n<p>V\u00e1runk minden kedves sz\u00fcl\u0151t a Sz\u00fcl\u0151klubon. Ezen az alkalmon ker\u00fcl<\/p>\n\n\n\n<p>megbesz\u00e9l\u00e9sre az, hogy milyen tov\u00e1bbi t\u00e9m\u00e1kra k\u00edv\u00e1ncsiak \u00d6n\u00f6k, mi az, amir\u0151l t\u00f6bbet szeretn\u00e9nek megtudni, mi az, amir\u0151l sz\u00edvesen<\/p>\n\n\n\n<p><a><\/a>besz\u00e9lgetn\u00e9nek.<\/p>\n\n\n\n<p>A Sz\u00fcl\u0151klub most k\u00f6vetkez\u0151 alkalm\u00e1nak id\u0151pontja (a tavaszi sz\u00fcnet miatt tol\u00f3dott el): 2025. 05. 08. 16:00-17:30<\/p>\n\n\n\n<p>Helysz\u00edn: Az iskola f\u00f6ldszinti k\u00f6nyvt\u00e1ra.<\/p>\n\n\n\n<p>K\u00e9rd\u00e9s eset\u00e9n kereshetik God\u00f3 Ir\u00e9nt e-mailben<\/p>\n\n\n\n<p>(godoiren@szentpiroskanyiracsad.hu), vagy szem\u00e9lyesen a 218-as irod\u00e1ban a h\u00e9tf\u0151i, keddi \u00e9s cs\u00fct\u00f6rt\u00f6ki napokon.<\/p>\n","protected":false},"excerpt":{"rendered":"<p>Kedves Sz\u00fcl\u0151k! God\u00f3 Ir\u00e9n pszichol\u00f3gus (mester diploma) vezet\u00e9s\u00e9vel ezen a h\u00e9ten is lesz Sz\u00fcl\u0151klub, melynek [&hellip;]<\/p>\n","protected":false},"author":1,"featured_media":8785,"comment_status":"closed","ping_status":"closed","sticky":false,"template":"","format":"standard","meta":{"ngg_post_thumbnail":0,"footnotes":""},"categories":[1],"tags":[],"class_list":["post-8784","post","type-post","status-publish","format-standard","has-post-thumbnail","hentry","category-szent-piroska-gorogkatolikus-altalanos-iskola"],"_links":{"self":[{"href":"https:\/\/www.szentpiroskanyiracsad.hu\/index.php?rest_route=\/wp\/v2\/posts\/8784","targetHints":{"allow":["GET"]}}],"collection":[{"href":"https:\/\/www.szentpiroskanyiracsad.hu\/index.php?rest_route=\/wp\/v2\/posts"}],"about":[{"href":"https:\/\/www.szentpiroskanyiracsad.hu\/index.php?rest_route=\/wp\/v2\/types\/post"}],"author":[{"embeddable":true,"href":"https:\/\/www.szentpiroskanyiracsad.hu\/index.php?rest_route=\/wp\/v2\/users\/1"}],"replies":[{"embeddable":true,"href":"https:\/\/www.szentpiroskanyiracsad.hu\/index.php?rest_route=%2Fwp%2Fv2%2Fcomments&post=8784"}],"version-history":[{"count":1,"href":"https:\/\/www.szentpiroskanyiracsad.hu\/index.php?rest_route=\/wp\/v2\/posts\/8784\/revisions"}],"predecessor-version":[{"id":8786,"href":"https:\/\/www.szentpiroskanyiracsad.hu\/index.php?rest_route=\/wp\/v2\/posts\/8784\/revisions\/8786"}],"wp:featuredmedia":[{"embeddable":true,"href":"https:\/\/www.szentpiroskanyiracsad.hu\/index.php?rest_route=\/wp\/v2\/media\/8785"}],"wp:attachment":[{"href":"https:\/\/www.szentpiroskanyiracsad.hu\/index.php?rest_route=%2Fwp%2Fv2%2Fmedia&parent=8784"}],"wp:term":[{"taxonomy":"category","embeddable":true,"href":"https:\/\/www.szentpiroskanyiracsad.hu\/index.php?rest_route=%2Fwp%2Fv2%2Fcategories&post=8784"},{"taxonomy":"post_tag","embeddable":true,"href":"https:\/\/www.szentpiroskanyiracsad.hu\/index.php?rest_route=%2Fwp%2Fv2%2Ftags&post=8784"}],"curies":[{"name":"wp","href":"https:\/\/api.w.org\/{rel}","templated":true}]}}