{"id":9325,"date":"2025-06-10T08:34:58","date_gmt":"2025-06-10T08:34:58","guid":{"rendered":"https:\/\/www.szentpiroskanyiracsad.hu\/?p=9325"},"modified":"2025-06-10T08:35:00","modified_gmt":"2025-06-10T08:35:00","slug":"rajzos-siker-2","status":"publish","type":"post","link":"https:\/\/www.szentpiroskanyiracsad.hu\/?p=9325","title":{"rendered":"Rajzos siker"},"content":{"rendered":"\n<p>A duna\u00fajv\u00e1rosi Szent Pantaleimon G\u00f6r\u00f6gkatolikus \u00d3voda, \u00c1lt. Isk. \u00e9s AMI n\u00e9vad\u00f3j\u00e1nak \u00e9let\u00e9vel kapcsolatban hirdetett rajzp\u00e1ly\u00e1zatot, melyen iskol\u00e1nk tanul\u00f3 is r\u00e9szt vettek, \u00e9s sikeresen szerepeltek. A versenyz\u0151knek Szent Pantaleimon mond\u00e1ja alapj\u00e1n az orvos-v\u00e9rtan\u00fa \u00e9let\u00e9b\u0151l, megpr\u00f3b\u00e1ltat\u00e1saib\u00f3l kellett egy vagy t\u00f6bb r\u00e9szletet k\u00e9pekben megjelen\u00edteni. Iskol\u00e1nkb\u00f3l az 5-6.-os korcsoportban Macz\u00f3 Zo\u00e9 5. a oszt\u00e1lyos tanul\u00f3 I. helyez\u00e9st, Szil\u00e1gyi Vivien 6. a oszt\u00e1lyos <a><\/a>tanul\u00f3 II. helyez\u00e9st \u00e9rt el. A 7-8. \u00e9vfolyamosok csoportj\u00e1ban Szab\u00f3 Gr\u00e9ta Fl\u00f3ra 8. a oszt\u00e1lyos tanul\u00f3 I. helyez\u00e9st, Zvon\u00e1r Maxim 8. b oszt\u00e1lyos tanul\u00f3 II. helyez\u00e9st \u00e9rt el. Gratul\u00e1lunk tehets\u00e9ges di\u00e1kjainknak, \u00e9s felk\u00e9sz\u00edt\u0151j\u00fcknek, Hajdufin\u00e9 Imre \u00c9va tan\u00e1rn\u0151nek. KGYZE<\/p>\n","protected":false},"excerpt":{"rendered":"<p>A duna\u00fajv\u00e1rosi Szent Pantaleimon G\u00f6r\u00f6gkatolikus \u00d3voda, \u00c1lt. Isk. \u00e9s AMI n\u00e9vad\u00f3j\u00e1nak \u00e9let\u00e9vel kapcsolatban hirdetett rajzp\u00e1ly\u00e1zatot, [&hellip;]<\/p>\n","protected":false},"author":1,"featured_media":9326,"comment_status":"closed","ping_status":"closed","sticky":false,"template":"","format":"standard","meta":{"ngg_post_thumbnail":0,"footnotes":""},"categories":[1],"tags":[],"class_list":["post-9325","post","type-post","status-publish","format-standard","has-post-thumbnail","hentry","category-szent-piroska-gorogkatolikus-altalanos-iskola"],"_links":{"self":[{"href":"https:\/\/www.szentpiroskanyiracsad.hu\/index.php?rest_route=\/wp\/v2\/posts\/9325","targetHints":{"allow":["GET"]}}],"collection":[{"href":"https:\/\/www.szentpiroskanyiracsad.hu\/index.php?rest_route=\/wp\/v2\/posts"}],"about":[{"href":"https:\/\/www.szentpiroskanyiracsad.hu\/index.php?rest_route=\/wp\/v2\/types\/post"}],"author":[{"embeddable":true,"href":"https:\/\/www.szentpiroskanyiracsad.hu\/index.php?rest_route=\/wp\/v2\/users\/1"}],"replies":[{"embeddable":true,"href":"https:\/\/www.szentpiroskanyiracsad.hu\/index.php?rest_route=%2Fwp%2Fv2%2Fcomments&post=9325"}],"version-history":[{"count":1,"href":"https:\/\/www.szentpiroskanyiracsad.hu\/index.php?rest_route=\/wp\/v2\/posts\/9325\/revisions"}],"predecessor-version":[{"id":9327,"href":"https:\/\/www.szentpiroskanyiracsad.hu\/index.php?rest_route=\/wp\/v2\/posts\/9325\/revisions\/9327"}],"wp:featuredmedia":[{"embeddable":true,"href":"https:\/\/www.szentpiroskanyiracsad.hu\/index.php?rest_route=\/wp\/v2\/media\/9326"}],"wp:attachment":[{"href":"https:\/\/www.szentpiroskanyiracsad.hu\/index.php?rest_route=%2Fwp%2Fv2%2Fmedia&parent=9325"}],"wp:term":[{"taxonomy":"category","embeddable":true,"href":"https:\/\/www.szentpiroskanyiracsad.hu\/index.php?rest_route=%2Fwp%2Fv2%2Fcategories&post=9325"},{"taxonomy":"post_tag","embeddable":true,"href":"https:\/\/www.szentpiroskanyiracsad.hu\/index.php?rest_route=%2Fwp%2Fv2%2Ftags&post=9325"}],"curies":[{"name":"wp","href":"https:\/\/api.w.org\/{rel}","templated":true}]}}