{"id":9346,"date":"2025-06-13T10:57:37","date_gmt":"2025-06-13T10:57:37","guid":{"rendered":"https:\/\/www.szentpiroskanyiracsad.hu\/?p=9346"},"modified":"2025-06-13T10:57:39","modified_gmt":"2025-06-13T10:57:39","slug":"irasban-mar-szamot-adtak","status":"publish","type":"post","link":"https:\/\/www.szentpiroskanyiracsad.hu\/?p=9346","title":{"rendered":"\u00cdr\u00e1sban m\u00e1r sz\u00e1mot adtak"},"content":{"rendered":"\n<p>Iskol\u00e1nk h\u00e1rom 8. oszt\u00e1lyos tanul\u00f3ja m\u00e1jusban tett k\u00f6z\u00e9pfok\u00fa angol \u00edr\u00e1sbeli nyelvvizsg\u00e1t, melynek siker\u00e9r\u0151l j\u00fanius els\u0151 napjaiban kaptak \u00e9rtes\u00edt\u00e9st. Br\u00f3di Berta, Szab\u00f3 Gr\u00e9ta \u00e9s Sz\u00fccs Martin Ill\u00e9s Gabriella tan\u00e1rn\u0151 seg\u00edts\u00e9g\u00e9vel k\u00e9sz\u00fclt a megm\u00e9rettet\u00e9sre. Az alapokat tan\u00edt\u00e1si \u00f3r\u00e1kon szerezt\u00e9k meg, amihez sok-sok plusz munk\u00e1t kellett v\u00e9gezni\u00fck, amit a saj\u00e1t szabadidej\u00fckb\u0151l \u00e1ldoztak fel a di\u00e1kok. Martin szerint, aki el\u0151sz\u00f6r nem is akart jelentkezni a <a><\/a>vizsg\u00e1ra, sok t\u00fcrelemre, kitart\u00e1sra \u00e9s szorgalomra volt sz\u00fcks\u00e9g a felk\u00e9sz\u00fcl\u00e9s sor\u00e1n, de nem b\u00e1nta meg. Bert\u00e1nak a legnagyobb neh\u00e9zs\u00e9get az okozta, hogy a felv\u00e9teli, a mindennapi tanul\u00e1s, \u00e9s a sz\u00e1mos verseny mellett kellett k\u00e9sz\u00fclni. H\u00e9tr\u0151l-h\u00e9tre sz\u00f6veg\u00e9rt\u00e9si feladatlapot, \u00e9s fogalmaz\u00e1sokat is kellett \u00edrniuk, ami el\u00e9gg\u00e9 kimer\u00edtette \u0151ket. Gr\u00e9ti \u00fagy \u00e9rezte, sokszor volt t\u00fcrelmetlen, mert szeretett volna m\u00e1ssal foglalkozni, de sokat seg\u00edtett neki, hogy \u00e9rdekes feladatokat, t\u00e9m\u00e1kat kaptak, \u00e9s m\u00e9g az emelt szint\u0171 \u00e9retts\u00e9gi feladatiba is betekint\u00e9st nyerhet tek. Gratul\u00e1lunk mindh\u00e1rom di\u00e1knak \u00e9s felk\u00e9sz\u00edt\u0151j\u00fcknek egyar\u00e1nt. KGYZE<\/p>\n\n\n\n<p><\/p>\n","protected":false},"excerpt":{"rendered":"<p>Iskol\u00e1nk h\u00e1rom 8. oszt\u00e1lyos tanul\u00f3ja m\u00e1jusban tett k\u00f6z\u00e9pfok\u00fa angol \u00edr\u00e1sbeli nyelvvizsg\u00e1t, melynek siker\u00e9r\u0151l j\u00fanius els\u0151 [&hellip;]<\/p>\n","protected":false},"author":1,"featured_media":9347,"comment_status":"closed","ping_status":"closed","sticky":false,"template":"","format":"standard","meta":{"ngg_post_thumbnail":0,"footnotes":""},"categories":[1],"tags":[],"class_list":["post-9346","post","type-post","status-publish","format-standard","has-post-thumbnail","hentry","category-szent-piroska-gorogkatolikus-altalanos-iskola"],"_links":{"self":[{"href":"https:\/\/www.szentpiroskanyiracsad.hu\/index.php?rest_route=\/wp\/v2\/posts\/9346","targetHints":{"allow":["GET"]}}],"collection":[{"href":"https:\/\/www.szentpiroskanyiracsad.hu\/index.php?rest_route=\/wp\/v2\/posts"}],"about":[{"href":"https:\/\/www.szentpiroskanyiracsad.hu\/index.php?rest_route=\/wp\/v2\/types\/post"}],"author":[{"embeddable":true,"href":"https:\/\/www.szentpiroskanyiracsad.hu\/index.php?rest_route=\/wp\/v2\/users\/1"}],"replies":[{"embeddable":true,"href":"https:\/\/www.szentpiroskanyiracsad.hu\/index.php?rest_route=%2Fwp%2Fv2%2Fcomments&post=9346"}],"version-history":[{"count":1,"href":"https:\/\/www.szentpiroskanyiracsad.hu\/index.php?rest_route=\/wp\/v2\/posts\/9346\/revisions"}],"predecessor-version":[{"id":9348,"href":"https:\/\/www.szentpiroskanyiracsad.hu\/index.php?rest_route=\/wp\/v2\/posts\/9346\/revisions\/9348"}],"wp:featuredmedia":[{"embeddable":true,"href":"https:\/\/www.szentpiroskanyiracsad.hu\/index.php?rest_route=\/wp\/v2\/media\/9347"}],"wp:attachment":[{"href":"https:\/\/www.szentpiroskanyiracsad.hu\/index.php?rest_route=%2Fwp%2Fv2%2Fmedia&parent=9346"}],"wp:term":[{"taxonomy":"category","embeddable":true,"href":"https:\/\/www.szentpiroskanyiracsad.hu\/index.php?rest_route=%2Fwp%2Fv2%2Fcategories&post=9346"},{"taxonomy":"post_tag","embeddable":true,"href":"https:\/\/www.szentpiroskanyiracsad.hu\/index.php?rest_route=%2Fwp%2Fv2%2Ftags&post=9346"}],"curies":[{"name":"wp","href":"https:\/\/api.w.org\/{rel}","templated":true}]}}