{"id":9480,"date":"2025-06-19T07:08:00","date_gmt":"2025-06-19T07:08:00","guid":{"rendered":"https:\/\/www.szentpiroskanyiracsad.hu\/?p=9480"},"modified":"2025-06-20T07:09:19","modified_gmt":"2025-06-20T07:09:19","slug":"mora-matek","status":"publish","type":"post","link":"https:\/\/www.szentpiroskanyiracsad.hu\/?p=9480","title":{"rendered":"M\u00f3ra Matek"},"content":{"rendered":"\n<p>A tan\u00e9v utols\u00f3 napj\u00e1ra is maradt m\u00e9g sikeres versenyeredm\u00e9ny\u00fcnk, amire igaz\u00e1n b\u00fcszk\u00e9k lehet\u00fcnk. A M\u00f3ra Matek v\u00e1rmegyei levelez\u0151s matematikaversenyen B\u00e1lega Lara Zo\u00e9 2. helyez\u00e9st, m\u00edg Szab\u00f3 Adrienn Lili\u00e1na 3. helyez\u00e9st \u00e9rt el. Szab\u00f3 Adrienn Lili\u00e1na r\u00e9szt vett a Lilapolip nev\u0171 levelez\u0151 matekversenyen is, ahol kiv\u00e1l\u00f3 teljes\u00edtm\u00e9ny\u00e9t arany oklev\u00e9llel jutalmazt\u00e1k. Mindketten 2.a oszt\u00e1lyos tanul\u00f3k, felk\u00e9sz\u00edt\u0151j\u00fck Bogd\u00e1n Krisztina tan\u00e1rn\u0151 volt. Gratul\u00e1lunk a gyerekeknek \u00e9s a tan\u00e1rn\u0151nek egyar\u00e1nt. KGYZE<\/p>\n\n\n\n<figure class=\"wp-block-gallery has-nested-images columns-default is-cropped wp-block-gallery-1 is-layout-flex wp-block-gallery-is-layout-flex\">\n<figure class=\"wp-block-image size-large\"><img loading=\"lazy\" decoding=\"async\" width=\"1024\" height=\"768\" data-id=\"9482\" src=\"https:\/\/www.szentpiroskanyiracsad.hu\/wp-content\/uploads\/2025\/06\/508678927_1916048699165676_2317567086752181269_n-1024x768.jpg\" alt=\"\" class=\"wp-image-9482\" srcset=\"https:\/\/www.szentpiroskanyiracsad.hu\/wp-content\/uploads\/2025\/06\/508678927_1916048699165676_2317567086752181269_n-1024x768.jpg 1024w, https:\/\/www.szentpiroskanyiracsad.hu\/wp-content\/uploads\/2025\/06\/508678927_1916048699165676_2317567086752181269_n-300x225.jpg 300w, https:\/\/www.szentpiroskanyiracsad.hu\/wp-content\/uploads\/2025\/06\/508678927_1916048699165676_2317567086752181269_n-768x576.jpg 768w, https:\/\/www.szentpiroskanyiracsad.hu\/wp-content\/uploads\/2025\/06\/508678927_1916048699165676_2317567086752181269_n-1536x1152.jpg 1536w, https:\/\/www.szentpiroskanyiracsad.hu\/wp-content\/uploads\/2025\/06\/508678927_1916048699165676_2317567086752181269_n.jpg 2016w\" sizes=\"auto, (max-width: 1024px) 100vw, 1024px\" \/><\/figure>\n\n\n\n<figure class=\"wp-block-image size-large\"><img loading=\"lazy\" decoding=\"async\" width=\"1024\" height=\"768\" data-id=\"9483\" src=\"https:\/\/www.szentpiroskanyiracsad.hu\/wp-content\/uploads\/2025\/06\/508990420_1916048715832341_2348792551136929199_n-1024x768.jpg\" alt=\"\" class=\"wp-image-9483\" srcset=\"https:\/\/www.szentpiroskanyiracsad.hu\/wp-content\/uploads\/2025\/06\/508990420_1916048715832341_2348792551136929199_n-1024x768.jpg 1024w, https:\/\/www.szentpiroskanyiracsad.hu\/wp-content\/uploads\/2025\/06\/508990420_1916048715832341_2348792551136929199_n-300x225.jpg 300w, https:\/\/www.szentpiroskanyiracsad.hu\/wp-content\/uploads\/2025\/06\/508990420_1916048715832341_2348792551136929199_n-768x576.jpg 768w, https:\/\/www.szentpiroskanyiracsad.hu\/wp-content\/uploads\/2025\/06\/508990420_1916048715832341_2348792551136929199_n-1536x1152.jpg 1536w, https:\/\/www.szentpiroskanyiracsad.hu\/wp-content\/uploads\/2025\/06\/508990420_1916048715832341_2348792551136929199_n.jpg 2016w\" sizes=\"auto, (max-width: 1024px) 100vw, 1024px\" \/><\/figure>\n\n\n\n<figure class=\"wp-block-image size-large\"><img loading=\"lazy\" decoding=\"async\" width=\"1024\" height=\"768\" data-id=\"9481\" src=\"https:\/\/www.szentpiroskanyiracsad.hu\/wp-content\/uploads\/2025\/06\/510474511_1916048679165678_4603889593966711484_n-1024x768.jpg\" alt=\"\" class=\"wp-image-9481\" srcset=\"https:\/\/www.szentpiroskanyiracsad.hu\/wp-content\/uploads\/2025\/06\/510474511_1916048679165678_4603889593966711484_n-1024x768.jpg 1024w, https:\/\/www.szentpiroskanyiracsad.hu\/wp-content\/uploads\/2025\/06\/510474511_1916048679165678_4603889593966711484_n-300x225.jpg 300w, https:\/\/www.szentpiroskanyiracsad.hu\/wp-content\/uploads\/2025\/06\/510474511_1916048679165678_4603889593966711484_n-768x576.jpg 768w, https:\/\/www.szentpiroskanyiracsad.hu\/wp-content\/uploads\/2025\/06\/510474511_1916048679165678_4603889593966711484_n-1536x1152.jpg 1536w, https:\/\/www.szentpiroskanyiracsad.hu\/wp-content\/uploads\/2025\/06\/510474511_1916048679165678_4603889593966711484_n.jpg 2016w\" sizes=\"auto, (max-width: 1024px) 100vw, 1024px\" \/><\/figure>\n<\/figure>\n","protected":false},"excerpt":{"rendered":"<p>A tan\u00e9v utols\u00f3 napj\u00e1ra is maradt m\u00e9g sikeres versenyeredm\u00e9ny\u00fcnk, amire igaz\u00e1n b\u00fcszk\u00e9k lehet\u00fcnk. A M\u00f3ra [&hellip;]<\/p>\n","protected":false},"author":1,"featured_media":9484,"comment_status":"closed","ping_status":"closed","sticky":false,"template":"","format":"standard","meta":{"ngg_post_thumbnail":0,"footnotes":""},"categories":[1],"tags":[],"class_list":["post-9480","post","type-post","status-publish","format-standard","has-post-thumbnail","hentry","category-szent-piroska-gorogkatolikus-altalanos-iskola"],"_links":{"self":[{"href":"https:\/\/www.szentpiroskanyiracsad.hu\/index.php?rest_route=\/wp\/v2\/posts\/9480","targetHints":{"allow":["GET"]}}],"collection":[{"href":"https:\/\/www.szentpiroskanyiracsad.hu\/index.php?rest_route=\/wp\/v2\/posts"}],"about":[{"href":"https:\/\/www.szentpiroskanyiracsad.hu\/index.php?rest_route=\/wp\/v2\/types\/post"}],"author":[{"embeddable":true,"href":"https:\/\/www.szentpiroskanyiracsad.hu\/index.php?rest_route=\/wp\/v2\/users\/1"}],"replies":[{"embeddable":true,"href":"https:\/\/www.szentpiroskanyiracsad.hu\/index.php?rest_route=%2Fwp%2Fv2%2Fcomments&post=9480"}],"version-history":[{"count":1,"href":"https:\/\/www.szentpiroskanyiracsad.hu\/index.php?rest_route=\/wp\/v2\/posts\/9480\/revisions"}],"predecessor-version":[{"id":9485,"href":"https:\/\/www.szentpiroskanyiracsad.hu\/index.php?rest_route=\/wp\/v2\/posts\/9480\/revisions\/9485"}],"wp:featuredmedia":[{"embeddable":true,"href":"https:\/\/www.szentpiroskanyiracsad.hu\/index.php?rest_route=\/wp\/v2\/media\/9484"}],"wp:attachment":[{"href":"https:\/\/www.szentpiroskanyiracsad.hu\/index.php?rest_route=%2Fwp%2Fv2%2Fmedia&parent=9480"}],"wp:term":[{"taxonomy":"category","embeddable":true,"href":"https:\/\/www.szentpiroskanyiracsad.hu\/index.php?rest_route=%2Fwp%2Fv2%2Fcategories&post=9480"},{"taxonomy":"post_tag","embeddable":true,"href":"https:\/\/www.szentpiroskanyiracsad.hu\/index.php?rest_route=%2Fwp%2Fv2%2Ftags&post=9480"}],"curies":[{"name":"wp","href":"https:\/\/api.w.org\/{rel}","templated":true}]}}