{"id":9486,"date":"2025-06-19T07:09:00","date_gmt":"2025-06-19T07:09:00","guid":{"rendered":"https:\/\/www.szentpiroskanyiracsad.hu\/?p=9486"},"modified":"2025-06-20T07:13:24","modified_gmt":"2025-06-20T07:13:24","slug":"kedves-nyolcadikosok","status":"publish","type":"post","link":"https:\/\/www.szentpiroskanyiracsad.hu\/?p=9486","title":{"rendered":"Kedves Nyolcadikosok!"},"content":{"rendered":"\n<p>M\u00e9g p\u00e1r nap k\u00f6zt\u00fcnk. Eml\u00e9keztek milyenek voltatok 8 \u00e9vvel ezel\u0151tt? A 2017. \u00e9vi tan\u00e9vnyit\u00f3 csoportk\u00e9pei bizony\u00edtj\u00e1k milyen kis aranyosan \u00e9s csillog\u00f3 szemmel v\u00e1rt\u00e1tok a Szent Pirosk\u00e1s \u00e9veiteket!<\/p>\n\n\n\n<figure class=\"wp-block-gallery has-nested-images columns-default is-cropped wp-block-gallery-1 is-layout-flex wp-block-gallery-is-layout-flex\">\n<figure class=\"wp-block-image size-large\"><img loading=\"lazy\" decoding=\"async\" width=\"1024\" height=\"677\" data-id=\"9488\" src=\"https:\/\/www.szentpiroskanyiracsad.hu\/wp-content\/uploads\/2025\/06\/494144329_1915123565924856_2001208457809809427_n-1024x677.jpg\" alt=\"\" class=\"wp-image-9488\" srcset=\"https:\/\/www.szentpiroskanyiracsad.hu\/wp-content\/uploads\/2025\/06\/494144329_1915123565924856_2001208457809809427_n-1024x677.jpg 1024w, https:\/\/www.szentpiroskanyiracsad.hu\/wp-content\/uploads\/2025\/06\/494144329_1915123565924856_2001208457809809427_n-300x198.jpg 300w, https:\/\/www.szentpiroskanyiracsad.hu\/wp-content\/uploads\/2025\/06\/494144329_1915123565924856_2001208457809809427_n-768x507.jpg 768w, https:\/\/www.szentpiroskanyiracsad.hu\/wp-content\/uploads\/2025\/06\/494144329_1915123565924856_2001208457809809427_n.jpg 1527w\" sizes=\"auto, (max-width: 1024px) 100vw, 1024px\" \/><\/figure>\n\n\n\n<figure class=\"wp-block-image size-large\"><img loading=\"lazy\" decoding=\"async\" width=\"1024\" height=\"683\" data-id=\"9487\" src=\"https:\/\/www.szentpiroskanyiracsad.hu\/wp-content\/uploads\/2025\/06\/504621666_1915123685924844_6079834201505783822_n-1024x683.jpg\" alt=\"\" class=\"wp-image-9487\" srcset=\"https:\/\/www.szentpiroskanyiracsad.hu\/wp-content\/uploads\/2025\/06\/504621666_1915123685924844_6079834201505783822_n-1024x683.jpg 1024w, https:\/\/www.szentpiroskanyiracsad.hu\/wp-content\/uploads\/2025\/06\/504621666_1915123685924844_6079834201505783822_n-300x200.jpg 300w, https:\/\/www.szentpiroskanyiracsad.hu\/wp-content\/uploads\/2025\/06\/504621666_1915123685924844_6079834201505783822_n-768x512.jpg 768w, https:\/\/www.szentpiroskanyiracsad.hu\/wp-content\/uploads\/2025\/06\/504621666_1915123685924844_6079834201505783822_n-1536x1025.jpg 1536w, https:\/\/www.szentpiroskanyiracsad.hu\/wp-content\/uploads\/2025\/06\/504621666_1915123685924844_6079834201505783822_n.jpg 1593w\" sizes=\"auto, (max-width: 1024px) 100vw, 1024px\" \/><\/figure>\n<\/figure>\n","protected":false},"excerpt":{"rendered":"<p>M\u00e9g p\u00e1r nap k\u00f6zt\u00fcnk. Eml\u00e9keztek milyenek voltatok 8 \u00e9vvel ezel\u0151tt? A 2017. \u00e9vi tan\u00e9vnyit\u00f3 csoportk\u00e9pei [&hellip;]<\/p>\n","protected":false},"author":1,"featured_media":0,"comment_status":"closed","ping_status":"closed","sticky":false,"template":"","format":"standard","meta":{"ngg_post_thumbnail":0,"footnotes":""},"categories":[1],"tags":[],"class_list":["post-9486","post","type-post","status-publish","format-standard","hentry","category-szent-piroska-gorogkatolikus-altalanos-iskola"],"_links":{"self":[{"href":"https:\/\/www.szentpiroskanyiracsad.hu\/index.php?rest_route=\/wp\/v2\/posts\/9486","targetHints":{"allow":["GET"]}}],"collection":[{"href":"https:\/\/www.szentpiroskanyiracsad.hu\/index.php?rest_route=\/wp\/v2\/posts"}],"about":[{"href":"https:\/\/www.szentpiroskanyiracsad.hu\/index.php?rest_route=\/wp\/v2\/types\/post"}],"author":[{"embeddable":true,"href":"https:\/\/www.szentpiroskanyiracsad.hu\/index.php?rest_route=\/wp\/v2\/users\/1"}],"replies":[{"embeddable":true,"href":"https:\/\/www.szentpiroskanyiracsad.hu\/index.php?rest_route=%2Fwp%2Fv2%2Fcomments&post=9486"}],"version-history":[{"count":1,"href":"https:\/\/www.szentpiroskanyiracsad.hu\/index.php?rest_route=\/wp\/v2\/posts\/9486\/revisions"}],"predecessor-version":[{"id":9490,"href":"https:\/\/www.szentpiroskanyiracsad.hu\/index.php?rest_route=\/wp\/v2\/posts\/9486\/revisions\/9490"}],"wp:attachment":[{"href":"https:\/\/www.szentpiroskanyiracsad.hu\/index.php?rest_route=%2Fwp%2Fv2%2Fmedia&parent=9486"}],"wp:term":[{"taxonomy":"category","embeddable":true,"href":"https:\/\/www.szentpiroskanyiracsad.hu\/index.php?rest_route=%2Fwp%2Fv2%2Fcategories&post=9486"},{"taxonomy":"post_tag","embeddable":true,"href":"https:\/\/www.szentpiroskanyiracsad.hu\/index.php?rest_route=%2Fwp%2Fv2%2Ftags&post=9486"}],"curies":[{"name":"wp","href":"https:\/\/api.w.org\/{rel}","templated":true}]}}