{"id":9826,"date":"2025-09-02T09:05:38","date_gmt":"2025-09-02T09:05:38","guid":{"rendered":"https:\/\/www.szentpiroskanyiracsad.hu\/?p=9826"},"modified":"2025-09-02T09:09:56","modified_gmt":"2025-09-02T09:09:56","slug":"koszontjuk-elso-osztalyos-tanuloinkat-2","status":"publish","type":"post","link":"https:\/\/www.szentpiroskanyiracsad.hu\/?p=9826","title":{"rendered":"K\u00f6sz\u00f6ntj\u00fck els\u0151 oszt\u00e1lyos tanul\u00f3inkat!"},"content":{"rendered":"\n<p>1.a oszt\u00e1ly:<\/p>\n\n\n\n<p>Tan\u00edt\u00f3k: Czenty\u00e9n\u00e9 Kerti Judit, Czap\u00e1r G\u00e1born\u00e9<\/p>\n\n\n\n<p>Pedag\u00f3giai asszisztens: Csord\u00e1sn\u00e9 Meszes\u00e1n Ir\u00e9n<\/p>\n\n\n\n<p>1.b oszt\u00e1ly:<\/p>\n\n\n\n<p><a><\/a>Tan\u00edt\u00f3k: Kertin\u00e9 Ternov\u00e1n Erzs\u00e9bet, Erdei No\u00e9mi<\/p>\n\n\n\n<p>Pedag\u00f3giai asszisztens: Gyulah\u00e1zin\u00e9 Nagy M\u00e1ria<\/p>\n\n\n\n<figure class=\"wp-block-gallery has-nested-images columns-default is-cropped wp-block-gallery-1 is-layout-flex wp-block-gallery-is-layout-flex\">\n<figure class=\"wp-block-image size-large\"><img loading=\"lazy\" decoding=\"async\" width=\"1024\" height=\"685\" data-id=\"9828\" src=\"https:\/\/www.szentpiroskanyiracsad.hu\/wp-content\/uploads\/2025\/09\/542588376_1975887786515100_2107786331301420642_n-1024x685.jpg\" alt=\"\" class=\"wp-image-9828\" srcset=\"https:\/\/www.szentpiroskanyiracsad.hu\/wp-content\/uploads\/2025\/09\/542588376_1975887786515100_2107786331301420642_n-1024x685.jpg 1024w, https:\/\/www.szentpiroskanyiracsad.hu\/wp-content\/uploads\/2025\/09\/542588376_1975887786515100_2107786331301420642_n-300x201.jpg 300w, https:\/\/www.szentpiroskanyiracsad.hu\/wp-content\/uploads\/2025\/09\/542588376_1975887786515100_2107786331301420642_n-768x513.jpg 768w, https:\/\/www.szentpiroskanyiracsad.hu\/wp-content\/uploads\/2025\/09\/542588376_1975887786515100_2107786331301420642_n-1536x1027.jpg 1536w, https:\/\/www.szentpiroskanyiracsad.hu\/wp-content\/uploads\/2025\/09\/542588376_1975887786515100_2107786331301420642_n.jpg 2048w\" sizes=\"auto, (max-width: 1024px) 100vw, 1024px\" \/><\/figure>\n\n\n\n<figure class=\"wp-block-image size-large\"><img loading=\"lazy\" decoding=\"async\" width=\"1024\" height=\"685\" data-id=\"9827\" src=\"https:\/\/www.szentpiroskanyiracsad.hu\/wp-content\/uploads\/2025\/09\/542757150_1975887803181765_3356457337426247758_n-1024x685.jpg\" alt=\"\" class=\"wp-image-9827\" srcset=\"https:\/\/www.szentpiroskanyiracsad.hu\/wp-content\/uploads\/2025\/09\/542757150_1975887803181765_3356457337426247758_n-1024x685.jpg 1024w, https:\/\/www.szentpiroskanyiracsad.hu\/wp-content\/uploads\/2025\/09\/542757150_1975887803181765_3356457337426247758_n-300x201.jpg 300w, https:\/\/www.szentpiroskanyiracsad.hu\/wp-content\/uploads\/2025\/09\/542757150_1975887803181765_3356457337426247758_n-768x513.jpg 768w, https:\/\/www.szentpiroskanyiracsad.hu\/wp-content\/uploads\/2025\/09\/542757150_1975887803181765_3356457337426247758_n-1536x1027.jpg 1536w, https:\/\/www.szentpiroskanyiracsad.hu\/wp-content\/uploads\/2025\/09\/542757150_1975887803181765_3356457337426247758_n.jpg 2048w\" sizes=\"auto, (max-width: 1024px) 100vw, 1024px\" \/><\/figure>\n<\/figure>\n","protected":false},"excerpt":{"rendered":"<p>1.a oszt\u00e1ly: Tan\u00edt\u00f3k: Czenty\u00e9n\u00e9 Kerti Judit, Czap\u00e1r G\u00e1born\u00e9 Pedag\u00f3giai asszisztens: Csord\u00e1sn\u00e9 Meszes\u00e1n Ir\u00e9n 1.b oszt\u00e1ly: [&hellip;]<\/p>\n","protected":false},"author":1,"featured_media":0,"comment_status":"closed","ping_status":"closed","sticky":false,"template":"","format":"standard","meta":{"ngg_post_thumbnail":0,"footnotes":""},"categories":[1],"tags":[],"class_list":["post-9826","post","type-post","status-publish","format-standard","hentry","category-szent-piroska-gorogkatolikus-altalanos-iskola"],"_links":{"self":[{"href":"https:\/\/www.szentpiroskanyiracsad.hu\/index.php?rest_route=\/wp\/v2\/posts\/9826","targetHints":{"allow":["GET"]}}],"collection":[{"href":"https:\/\/www.szentpiroskanyiracsad.hu\/index.php?rest_route=\/wp\/v2\/posts"}],"about":[{"href":"https:\/\/www.szentpiroskanyiracsad.hu\/index.php?rest_route=\/wp\/v2\/types\/post"}],"author":[{"embeddable":true,"href":"https:\/\/www.szentpiroskanyiracsad.hu\/index.php?rest_route=\/wp\/v2\/users\/1"}],"replies":[{"embeddable":true,"href":"https:\/\/www.szentpiroskanyiracsad.hu\/index.php?rest_route=%2Fwp%2Fv2%2Fcomments&post=9826"}],"version-history":[{"count":1,"href":"https:\/\/www.szentpiroskanyiracsad.hu\/index.php?rest_route=\/wp\/v2\/posts\/9826\/revisions"}],"predecessor-version":[{"id":9829,"href":"https:\/\/www.szentpiroskanyiracsad.hu\/index.php?rest_route=\/wp\/v2\/posts\/9826\/revisions\/9829"}],"wp:attachment":[{"href":"https:\/\/www.szentpiroskanyiracsad.hu\/index.php?rest_route=%2Fwp%2Fv2%2Fmedia&parent=9826"}],"wp:term":[{"taxonomy":"category","embeddable":true,"href":"https:\/\/www.szentpiroskanyiracsad.hu\/index.php?rest_route=%2Fwp%2Fv2%2Fcategories&post=9826"},{"taxonomy":"post_tag","embeddable":true,"href":"https:\/\/www.szentpiroskanyiracsad.hu\/index.php?rest_route=%2Fwp%2Fv2%2Ftags&post=9826"}],"curies":[{"name":"wp","href":"https:\/\/api.w.org\/{rel}","templated":true}]}}