{"id":9922,"date":"2025-09-08T13:32:00","date_gmt":"2025-09-08T13:32:00","guid":{"rendered":"https:\/\/www.szentpiroskanyiracsad.hu\/?p=9922"},"modified":"2025-09-09T13:33:39","modified_gmt":"2025-09-09T13:33:39","slug":"9922","status":"publish","type":"post","link":"https:\/\/www.szentpiroskanyiracsad.hu\/?p=9922","title":{"rendered":"Iskolalelk\u00e9sz\u00fcnk"},"content":{"rendered":"\n<p>Szeptember 1-t\u0151l Balogh Istv\u00e1n atya szem\u00e9ly\u00e9ben \u00faj iskolalelk\u00e9sz t\u00e1mogatja, ir\u00e1ny\u00edtja di\u00e1kja-ink lelki \u00e9let\u00e9t, koordin\u00e1lja az iskola hit\u00e9let\u00e9vel kapcsolatos esem\u00e9nyeket, rendezv\u00e9nyeket. Arra k\u00e9rt\u00fck Istv\u00e1n aty\u00e1t, besz\u00e9ljen kicsit mag\u00e1r\u00f3l, hogy minden di\u00e1k, minden sz\u00fcl\u0151 min\u00e9l ha-marabb megismerje a biztat\u00f3 mosoly\u00e1r\u00f3l m\u00e1r eddig is sokat mond\u00f3 Istv\u00e1n aty\u00e1t.<\/p>\n\n\n\n<p>Iskolalelk\u00e9sz\u00fcnk a k\u00f6vetkez\u0151ket osztotta meg \u00e9let\u00e9vel, p\u00e1ly\u00e1j\u00e1val, hit\u00e9vel kapcsolatban az olvas\u00f3kkal: Brass\u00f3ban, Erd\u00e9ly <a><\/a>egyik legszebb sz\u00e1sz v\u00e1ros\u00e1ban sz\u00fclettem, \u00e9s r\u00e9szben ott nevelkedtem. Ugyanakkor gy\u00f6kereim, \u00e9s legszebb gyermekkori eml\u00e9keim a h\u00e1romsz\u00e9ki Gelenc\u00e9hez k\u00f6t\u0151dnek. \u00c9letem tal\u00e1n a szok\u00e1sosn\u00e1l kalandosabb volt. 14 \u00e9ves koromban hat\u00e1roztam el, hogy pap leszek, \u00e9s az\u00f3ta is ennek az isteni h\u00edv\u00e1snak \u00e9rzem magam elk\u00f6telezve. Gyulafeh\u00e9rv\u00e1ron j\u00e1rtam egy nagyon szigor\u00fa fi\u00fak\u00f6z\u00e9piskol\u00e1ba, ahol \u00e9vente csak n\u00e9h\u00e1nyszor mehett\u00fcnk haza. K\u00f6telez\u0151 volt az \u00f6lt\u00f6ny visel\u00e9se, minden nap szentmis\u00e9vel kezdt\u00fck, \u00e9s im\u00e1ds\u00e1ggal z\u00e1rtuk a napot. Kamaszk\u00e9nt neh\u00e9z volt ezt meg\u00e9lni, ugyanakkor nagyon sok mindenre megtan\u00edtott az a n\u00e9gy \u00e9v. \u00c9retts\u00e9gi ut\u00e1n Nagyv\u00e1radon, R\u00f3m\u00e1ban, majd Franciaorsz\u00e1gban k\u00e9sz\u00fcltem a paps\u00e1gra. \u00c9letem egyik legnehezebb szakasza R\u00f3m\u00e1hoz k\u00f6t\u0151dik, m\u00e9gis rengeteg kincset \u00e9s kegyelmet kaptam az \u201e\u00d6r\u00f6k V\u00e1rost\u00f3l\u201d. R\u00f3ma ut\u00e1n Franciaorsz\u00e1gban lettem egyh\u00e1zmegy\u00e9s kispap, ahol Isten kegyelm\u00e9b\u0151l h\u00e1rom csod\u00e1latos \u00e9vet t\u00f6lthettem. Egy \u00e9vig teljes \u00e1ll\u00e1s\u00fa asszisztens-pedag\u00f3gusk\u00e9nt is dolgoztam egy montessori szellemis\u00e9g\u0171 katolikus elemi iskol\u00e1ban, ahol hittant, angolt \u00e9s t\u00f6rt\u00e9nelmet tan\u00edthattam. Franciaorsz\u00e1ghoz nagyon sz\u00e9p eml\u00e9kek, \u00e9s m\u00e9ly, igaz bar\u00e1ts\u00e1gok k\u00f6tnek. Az ottani h\u00edvek \u00e1ltal ismerkedtem meg \u00c9rsek aty\u00e1val, aki megh\u00edvott Magyarorsz\u00e1gra. L\u00e1togat\u00e1som sor\u00e1n valahogy \u00fagy \u00e9reztem, hogy a J\u00f3isten engem ide h\u00edv, \u00e9s szinte azon kaptam magam, hogy m\u00e1r be is k\u00f6lt\u00f6ztem a ny\u00edregyh\u00e1zi papnevel\u0151 int\u00e9zetbe, ahol h\u00e1rom \u00e9vet t\u00f6lthettem. Az integr\u00e1l\u00f3d\u00e1s nem volt z\u00f6kken\u0151mentes. \u00daj k\u00f6zegbe ker\u00fclve mindig igyekszem beolvadni a k\u00f6rnyezetbe, ugyanakkor a kor\u00e1bbi tapasztalatok, \u00e9lm\u00e9nyek \u00e9s hat\u00e1sok is velem maradnak, amelyeket tov\u00e1bb viszek. Ny\u00edregyh\u00e1z\u00e1ra magammal hoztam az erd\u00e9lyi sz\u00e9kely gy\u00f6kereket, \u00e9s a r\u00e1m ragadt nyugati kult\u00fara, mentalit\u00e1s elemeit is. Ezek nyomot hagytak bennem, \u00e9s nem is szeretn\u00e9m levetk\u0151zni \u0151ket. Amit k\u00fclf\u00f6ld\u00f6n kaptam, azt Ny\u00edregyh\u00e1z\u00e1n hatv\u00e1nyozottan kamatoztathattam. Itt nemcsak a lexik\u00e1lis tud\u00e1sra, hanem az emberi kapcsolatokra, \u00e9s az \u0151szinte bar\u00e1ts\u00e1gokra gondolok. Az\u00e9rt is hiszem, hogy a J\u00f3isten akarat\u00e1b\u00f3l ker\u00fcltem Ny\u00edregyh\u00e1z\u00e1ra, mert amint bek\u00f6lt\u00f6ztem a szemin\u00e1riumba, egy h\u00f3nap eltelt\u00e9vel megismerkedtem (most m\u00e1r) a feles\u00e9gemmel, aki a lehet\u0151 legnagyobb aj\u00e1nd\u00e9k f\u00f6ldi \u00e9letemben. \u00c9rsek atya 2025. augusztus 15-i hat\u00e1llyal Ny\u00edracs\u00e1dra helyezett lelkip\u00e1sztori \u00e9s iskolai kiseg\u00edt\u0151nek. Hatalmas aj\u00e1nd\u00e9k sz\u00e1momra, hogy egy ilyen dinamikus egyh\u00e1zk\u00f6zs\u00e9gnek, bar\u00e1ts\u00e1gos \u00e9s vall\u00e1sos tan\u00e1ri test\u00fcletnek, valamint soksz\u00edn\u0171 h\u00e1tt\u00e9rrel rendelkez\u0151 di\u00e1koknak szolg\u00e1lhatok. Viccesen szoktam mondani, amikor megk\u00e9rdezik, hogyan \u00e9rzem magam Acs\u00e1don, hogy: \u201eenn\u00e9l csak rosszabb lehet\u201d. Nagy szenved\u00e9lyem az opera \u00e9s a sz\u00ednh\u00e1z. Tal\u00e1n, ha a J\u00f3isten nem a lelkip\u00e1sztori szolg\u00e1latra h\u00edvott volna, a sz\u00ednpadot v\u00e1lasztom\u2026 Persze ez csak spekul\u00e1ci\u00f3. Nem tudn\u00e9k \u00fagy \u00e9lni, hogy ne az Egyh\u00e1zat szolg\u00e1ljam. Ha a h\u00edvekkel, a tan\u00e1r koll\u00e9g\u00e1kkal vagy a di\u00e1kokkal besz\u00e9lgetek \u00e9s foglalkozom, akkor valahogy megsz\u0171nik minden neh\u00e9zs\u00e9g, mert \u00fagy \u00e9rzem, hogy az Egyh\u00e1zat k\u00e9pviselem, \u00e9s ez\u00e1ltal valamik\u00e9ppen Krisztust is. Ez a lehet\u0151 legnagyobb kegyelem \u00e9s boldogs\u00e1g sz\u00e1momra. Nagyon szeretek tan\u00edtani. A gyerekek gyakran tartanak t\u0151lem, mert \u00f3r\u00e1n hat\u00e1rozott \u00e9s k\u00f6vetkezetes vagyok. Ritk\u00e1n fordul el\u0151, hogy fel kell emelnem a hangomat, mert a di\u00e1kok \u00e1ltal\u00e1ban tudj\u00e1k, hol a hat\u00e1r. Ugyanakkor id\u0151vel meg\u00e9rzik, hogy b\u00edzhatnak bennem: megkereshetnek, elmondhatj\u00e1k \u00f6r\u00f6m\u00fcket \u00e9s b\u00e1natukat. Legal\u00e1bbis erre t\u00f6rekszem. A lexik\u00e1lis tud\u00e1st fontosnak tartom, de a hittan\u00f3ra els\u0151dleges c\u00e9lja szerintem az, hogy a gyerekek val\u00f3ban megismerj\u00e9k, ez\u00e1ltal szeress\u00e9k, \u00e9s meg tudj\u00e1k v\u00e9deni hit\u00fcket \u00e9s az Egyh\u00e1zat. Nagyon \u00f6r\u00fcl\u00f6k, ha a h\u00edvek, a gyerekek vagy a koll\u00e9g\u00e1k szeretnek \u2013 \u00e9s persze mindenkinek j\u00f3l esik, ha \u00e9rt\u00e9kelve \u00e9s megbecs\u00fclve \u00e9rzi mag\u00e1t \u2013, de nem az a c\u00e9lom, hogy a di\u00e1kok engem szeressenek, hanem az, hogy a vall\u00e1sukat.<\/p>\n","protected":false},"excerpt":{"rendered":"<p>Szeptember 1-t\u0151l Balogh Istv\u00e1n atya szem\u00e9ly\u00e9ben \u00faj iskolalelk\u00e9sz t\u00e1mogatja, ir\u00e1ny\u00edtja di\u00e1kja-ink lelki \u00e9let\u00e9t, koordin\u00e1lja az [&hellip;]<\/p>\n","protected":false},"author":1,"featured_media":9923,"comment_status":"closed","ping_status":"closed","sticky":false,"template":"","format":"standard","meta":{"ngg_post_thumbnail":0,"footnotes":""},"categories":[1],"tags":[],"class_list":["post-9922","post","type-post","status-publish","format-standard","has-post-thumbnail","hentry","category-szent-piroska-gorogkatolikus-altalanos-iskola"],"_links":{"self":[{"href":"https:\/\/www.szentpiroskanyiracsad.hu\/index.php?rest_route=\/wp\/v2\/posts\/9922","targetHints":{"allow":["GET"]}}],"collection":[{"href":"https:\/\/www.szentpiroskanyiracsad.hu\/index.php?rest_route=\/wp\/v2\/posts"}],"about":[{"href":"https:\/\/www.szentpiroskanyiracsad.hu\/index.php?rest_route=\/wp\/v2\/types\/post"}],"author":[{"embeddable":true,"href":"https:\/\/www.szentpiroskanyiracsad.hu\/index.php?rest_route=\/wp\/v2\/users\/1"}],"replies":[{"embeddable":true,"href":"https:\/\/www.szentpiroskanyiracsad.hu\/index.php?rest_route=%2Fwp%2Fv2%2Fcomments&post=9922"}],"version-history":[{"count":2,"href":"https:\/\/www.szentpiroskanyiracsad.hu\/index.php?rest_route=\/wp\/v2\/posts\/9922\/revisions"}],"predecessor-version":[{"id":9925,"href":"https:\/\/www.szentpiroskanyiracsad.hu\/index.php?rest_route=\/wp\/v2\/posts\/9922\/revisions\/9925"}],"wp:featuredmedia":[{"embeddable":true,"href":"https:\/\/www.szentpiroskanyiracsad.hu\/index.php?rest_route=\/wp\/v2\/media\/9923"}],"wp:attachment":[{"href":"https:\/\/www.szentpiroskanyiracsad.hu\/index.php?rest_route=%2Fwp%2Fv2%2Fmedia&parent=9922"}],"wp:term":[{"taxonomy":"category","embeddable":true,"href":"https:\/\/www.szentpiroskanyiracsad.hu\/index.php?rest_route=%2Fwp%2Fv2%2Fcategories&post=9922"},{"taxonomy":"post_tag","embeddable":true,"href":"https:\/\/www.szentpiroskanyiracsad.hu\/index.php?rest_route=%2Fwp%2Fv2%2Ftags&post=9922"}],"curies":[{"name":"wp","href":"https:\/\/api.w.org\/{rel}","templated":true}]}}